{"id":3676,"date":"2020-07-23T17:09:22","date_gmt":"2020-07-23T15:09:22","guid":{"rendered":"http:\/\/agora.xtec.cat\/escferreriguardiagranollers\/?p=3676"},"modified":"2020-07-23T17:09:22","modified_gmt":"2020-07-23T15:09:22","slug":"pla-dorganitzacio-de-centre","status":"publish","type":"post","link":"https:\/\/agora.xtec.cat\/escferreriguardiagranollers\/general\/pla-dorganitzacio-de-centre\/","title":{"rendered":"PLA D&#8217;ORGANITZACI\u00d3 DE CENTRE"},"content":{"rendered":"<p>Aqu\u00ed us deixem el <strong>Pla d&#8217;Organitzaci\u00f3 de Centre per al curs 2020-2021<\/strong>. De moment \u00e9s un pla inicial que va ser presentat i acordat al Consell escolar el dia 21 de juliol. Al setembre s&#8217;aprovar\u00e0 el pla definitiu, aix\u00ed que encara pot estar sotm\u00e8s a alguna variaci\u00f3 per sugger\u00e8ncies del consell o b\u00e9 per part del Departament d&#8217;Educaci\u00f3.<\/p>\n<p><a href=\"https:\/\/agora.xtec.cat\/escferreriguardiagranollers\/wp-content\/uploads\/usu988\/2020\/07\/PLA-REOBERTURA-FIG-20-21-Juliol.pdf\">PLA REOBERTURA FIG 20-21 Juliol<\/a><\/p>\n","protected":false},"excerpt":{"rendered":"<p>Aqu\u00ed us deixem el Pla d&#8217;Organitzaci\u00f3 de Centre per al curs 2020-2021. De moment \u00e9s un pla inicial que va ser presentat i acordat al Consell escolar el dia 21 de juliol. Al setembre s&#8217;aprovar\u00e0 el pla definitiu, aix\u00ed que encara pot estar sotm\u00e8s a&hellip;  <a href=\"https:\/\/agora.xtec.cat\/escferreriguardiagranollers\/general\/pla-dorganitzacio-de-centre\/\" title=\"Read PLA D&#8217;ORGANITZACI\u00d3 DE CENTRE\">Llegeix m\u00e9s\u00bb<\/a><\/p>\n","protected":false},"author":3,"featured_media":0,"comment_status":"open","ping_status":"closed","sticky":false,"template":"","format":"standard","meta":{"_bbp_topic_count":0,"_bbp_reply_count":0,"_bbp_total_topic_count":0,"_bbp_total_reply_count":0,"_bbp_voice_count":0,"_bbp_anonymous_reply_count":0,"_bbp_topic_count_hidden":0,"_bbp_reply_count_hidden":0,"_bbp_forum_subforum_count":0,"footnotes":""},"categories":[1,4],"tags":[],"class_list":["post-3676","post","type-post","status-publish","format-standard","hentry","category-general","category-portada"],"post_mailing_queue_ids":[],"_links":{"self":[{"href":"https:\/\/agora.xtec.cat\/escferreriguardiagranollers\/wp-json\/wp\/v2\/posts\/3676","targetHints":{"allow":["GET"]}}],"collection":[{"href":"https:\/\/agora.xtec.cat\/escferreriguardiagranollers\/wp-json\/wp\/v2\/posts"}],"about":[{"href":"https:\/\/agora.xtec.cat\/escferreriguardiagranollers\/wp-json\/wp\/v2\/types\/post"}],"author":[{"embeddable":true,"href":"https:\/\/agora.xtec.cat\/escferreriguardiagranollers\/wp-json\/wp\/v2\/users\/3"}],"replies":[{"embeddable":true,"href":"https:\/\/agora.xtec.cat\/escferreriguardiagranollers\/wp-json\/wp\/v2\/comments?post=3676"}],"version-history":[{"count":1,"href":"https:\/\/agora.xtec.cat\/escferreriguardiagranollers\/wp-json\/wp\/v2\/posts\/3676\/revisions"}],"predecessor-version":[{"id":3678,"href":"https:\/\/agora.xtec.cat\/escferreriguardiagranollers\/wp-json\/wp\/v2\/posts\/3676\/revisions\/3678"}],"wp:attachment":[{"href":"https:\/\/agora.xtec.cat\/escferreriguardiagranollers\/wp-json\/wp\/v2\/media?parent=3676"}],"wp:term":[{"taxonomy":"category","embeddable":true,"href":"https:\/\/agora.xtec.cat\/escferreriguardiagranollers\/wp-json\/wp\/v2\/categories?post=3676"},{"taxonomy":"post_tag","embeddable":true,"href":"https:\/\/agora.xtec.cat\/escferreriguardiagranollers\/wp-json\/wp\/v2\/tags?post=3676"}],"curies":[{"name":"wp","href":"https:\/\/api.w.org\/{rel}","templated":true}]}}