{"id":3653,"date":"2020-06-07T01:01:15","date_gmt":"2020-06-06T23:01:15","guid":{"rendered":"http:\/\/agora.xtec.cat\/escferreriguardiagranollers\/?p=3653"},"modified":"2020-06-22T22:32:00","modified_gmt":"2020-06-22T20:32:00","slug":"confinats","status":"publish","type":"post","link":"https:\/\/agora.xtec.cat\/escferreriguardiagranollers\/general\/fem-radio\/confinats\/","title":{"rendered":"CONFINATS"},"content":{"rendered":"<p>Aquesta setmana haur\u00edem d&#8217;haver anat a R\u00e0dio Granollers a enregistrar el nostre programa de r\u00e0dio, el Coronavirus ens ho ha impedit.<\/p>\n<p>No ha impedit per\u00f2, que l&#8217;enregistrem des de casa! Escolteu-nos!<\/p>\n<p><iframe src=\"https:\/\/www.ivoox.com\/player_ej_51814292_4_1.html?c1=ff6600\" height=\"200\" frameborder=\"0\"><\/iframe><\/p>\n<p>Esperem que us agradi!<\/p>\n<p>Us informem que el podreu escoltar per R\u00e0dio Granollers el dissabte 20 de juny a les 9,30 h del mat\u00ed.<br \/>\nHo podeu fer a:<br \/>\nEn FM, en la freq\u00fc\u00e8ncia de 107.6 Mhz<br \/>\nEn directe en Internet: www.radiogranollers.cat<br \/>\nSi no us va ser possible, el podeu escoltar aqu\u00ed:<\/p>\n<div id=\"embed-alacarta-58650\"><\/div>\n<p><script src=\"https:\/\/www.alacarta.cat\/js\/embed.js\" data-container=\"embed-alacarta-58650\" data-src=\"5db830f61ff5df0d046ebf35\/5db8317d1ff5df0d046ebf3b\"><\/script><\/p>\n","protected":false},"excerpt":{"rendered":"<p>Aquesta setmana haur\u00edem d&#8217;haver anat a R\u00e0dio Granollers a enregistrar el nostre programa de r\u00e0dio, el Coronavirus ens ho ha impedit.<br \/>\nNo ha impedit per\u00f2, que l&#8217;enregistrem des de casa! Escolteu-nos!<\/p>\n<p>Esperem que us agradi!<br \/>\nUs informem que el podreu escoltar per R\u00e0dio Granollers el dissabte 20 de&hellip;  <a href=\"https:\/\/agora.xtec.cat\/escferreriguardiagranollers\/general\/fem-radio\/confinats\/\" title=\"Read CONFINATS\">Llegeix m\u00e9s\u00bb<\/a><\/p>\n","protected":false},"author":8,"featured_media":0,"comment_status":"open","ping_status":"closed","sticky":false,"template":"","format":"standard","meta":{"_bbp_topic_count":0,"_bbp_reply_count":0,"_bbp_total_topic_count":0,"_bbp_total_reply_count":0,"_bbp_voice_count":0,"_bbp_anonymous_reply_count":0,"_bbp_topic_count_hidden":0,"_bbp_reply_count_hidden":0,"_bbp_forum_subforum_count":0,"footnotes":""},"categories":[37],"tags":[],"class_list":["post-3653","post","type-post","status-publish","format-standard","hentry","category-fem-radio"],"post_mailing_queue_ids":[],"_links":{"self":[{"href":"https:\/\/agora.xtec.cat\/escferreriguardiagranollers\/wp-json\/wp\/v2\/posts\/3653","targetHints":{"allow":["GET"]}}],"collection":[{"href":"https:\/\/agora.xtec.cat\/escferreriguardiagranollers\/wp-json\/wp\/v2\/posts"}],"about":[{"href":"https:\/\/agora.xtec.cat\/escferreriguardiagranollers\/wp-json\/wp\/v2\/types\/post"}],"author":[{"embeddable":true,"href":"https:\/\/agora.xtec.cat\/escferreriguardiagranollers\/wp-json\/wp\/v2\/users\/8"}],"replies":[{"embeddable":true,"href":"https:\/\/agora.xtec.cat\/escferreriguardiagranollers\/wp-json\/wp\/v2\/comments?post=3653"}],"version-history":[{"count":4,"href":"https:\/\/agora.xtec.cat\/escferreriguardiagranollers\/wp-json\/wp\/v2\/posts\/3653\/revisions"}],"predecessor-version":[{"id":3669,"href":"https:\/\/agora.xtec.cat\/escferreriguardiagranollers\/wp-json\/wp\/v2\/posts\/3653\/revisions\/3669"}],"wp:attachment":[{"href":"https:\/\/agora.xtec.cat\/escferreriguardiagranollers\/wp-json\/wp\/v2\/media?parent=3653"}],"wp:term":[{"taxonomy":"category","embeddable":true,"href":"https:\/\/agora.xtec.cat\/escferreriguardiagranollers\/wp-json\/wp\/v2\/categories?post=3653"},{"taxonomy":"post_tag","embeddable":true,"href":"https:\/\/agora.xtec.cat\/escferreriguardiagranollers\/wp-json\/wp\/v2\/tags?post=3653"}],"curies":[{"name":"wp","href":"https:\/\/api.w.org\/{rel}","templated":true}]}}