{"id":3444,"date":"2020-03-05T16:47:07","date_gmt":"2020-03-05T15:47:07","guid":{"rendered":"http:\/\/agora.xtec.cat\/escferreriguardiagranollers\/?p=3444"},"modified":"2020-03-05T16:48:27","modified_gmt":"2020-03-05T15:48:27","slug":"marc20","status":"publish","type":"post","link":"https:\/\/agora.xtec.cat\/escferreriguardiagranollers\/general\/marc20\/","title":{"rendered":"MAR\u00c7,20"},"content":{"rendered":"<table style=\"width: 490px;\">\n<tbody>\n<tr>\n<td style=\"width: 484px;\">\n<ul>\n<li>\u00a0Els dies 2, 3 i 4 de mar\u00e7 els alumnes de Cicle Mitj\u00e0 anirem de les col\u00f2nies al <strong>Mol\u00ed de la Riera<\/strong> (Sant Pere de Torell\u00f3).<\/li>\n<\/ul>\n<p><a href=\"https:\/\/agora.xtec.cat\/escferreriguardiagranollers\/wp-content\/uploads\/usu988\/2020\/03\/moli-riera.jpg\"><img loading=\"lazy\" decoding=\"async\" class=\"size-medium wp-image-3445 aligncenter\" src=\"https:\/\/agora.xtec.cat\/escferreriguardiagranollers\/wp-content\/uploads\/usu988\/2020\/03\/moli-riera-300x180.jpg\" alt=\"\" width=\"300\" height=\"180\" srcset=\"https:\/\/agora.xtec.cat\/escferreriguardiagranollers\/wp-content\/uploads\/usu988\/2020\/03\/moli-riera-300x180.jpg 300w, https:\/\/agora.xtec.cat\/escferreriguardiagranollers\/wp-content\/uploads\/usu988\/2020\/03\/moli-riera-768x461.jpg 768w, https:\/\/agora.xtec.cat\/escferreriguardiagranollers\/wp-content\/uploads\/usu988\/2020\/03\/moli-riera.jpg 800w\" sizes=\"auto, (max-width: 300px) 100vw, 300px\" \/><\/a><\/td>\n<\/tr>\n<tr>\n<td style=\"width: 484px;\">\n<ul>\n<li><strong>Dijous, 5 de mar\u00e7<\/strong><\/li>\n<\/ul>\n<p>Els alumnes de 4t. de prim\u00e0ria comencen els assajos de l&#8217;\u00f2pera &#8220;Greta i els Trihumans&#8221;.<\/p>\n<p><a href=\"https:\/\/agora.xtec.cat\/escferreriguardiagranollers\/wp-content\/uploads\/usu988\/2020\/03\/greta.jpg\"><img loading=\"lazy\" decoding=\"async\" class=\"size-medium wp-image-3446 aligncenter\" src=\"https:\/\/agora.xtec.cat\/escferreriguardiagranollers\/wp-content\/uploads\/usu988\/2020\/03\/greta-213x300.jpg\" alt=\"\" width=\"213\" height=\"300\" srcset=\"https:\/\/agora.xtec.cat\/escferreriguardiagranollers\/wp-content\/uploads\/usu988\/2020\/03\/greta-213x300.jpg 213w, https:\/\/agora.xtec.cat\/escferreriguardiagranollers\/wp-content\/uploads\/usu988\/2020\/03\/greta-768x1081.jpg 768w, https:\/\/agora.xtec.cat\/escferreriguardiagranollers\/wp-content\/uploads\/usu988\/2020\/03\/greta-728x1024.jpg 728w\" sizes=\"auto, (max-width: 213px) 100vw, 213px\" \/><\/a><\/td>\n<\/tr>\n<tr>\n<td style=\"width: 484px;\">\n<ul>\n<li><strong>Divendres, 6 de mar\u00e7<\/strong><\/li>\n<\/ul>\n<p>Els alumnes de 3r. de prim\u00e0ria realitzarem la visita a l&#8217;Adoberia &#8220;El goven de la ciutat&#8221;.<\/p>\n<p><a href=\"https:\/\/agora.xtec.cat\/escferreriguardiagranollers\/wp-content\/uploads\/usu988\/2020\/03\/adoberia.jpg\"><img loading=\"lazy\" decoding=\"async\" class=\"size-medium wp-image-3451 aligncenter\" src=\"https:\/\/agora.xtec.cat\/escferreriguardiagranollers\/wp-content\/uploads\/usu988\/2020\/03\/adoberia-300x200.jpg\" alt=\"\" width=\"300\" height=\"200\" srcset=\"https:\/\/agora.xtec.cat\/escferreriguardiagranollers\/wp-content\/uploads\/usu988\/2020\/03\/adoberia-300x200.jpg 300w, https:\/\/agora.xtec.cat\/escferreriguardiagranollers\/wp-content\/uploads\/usu988\/2020\/03\/adoberia-768x512.jpg 768w, https:\/\/agora.xtec.cat\/escferreriguardiagranollers\/wp-content\/uploads\/usu988\/2020\/03\/adoberia-1024x683.jpg 1024w\" sizes=\"auto, (max-width: 300px) 100vw, 300px\" \/><\/a><\/td>\n<\/tr>\n<tr>\n<td style=\"width: 484px;\">\n<ul>\n<li><strong>Dimecres, 11 de mar\u00e7<\/strong><\/li>\n<\/ul>\n<p>Els alumnes de 3r. de prim\u00e0ria farem l&#8217;activitat &#8220;Expressar amb textures&#8221; Antoni Cumella al Museu de Granollers.<\/p>\n<p><a href=\"https:\/\/agora.xtec.cat\/escferreriguardiagranollers\/wp-content\/uploads\/usu988\/2018\/01\/cumella_1.jpg\"><img loading=\"lazy\" decoding=\"async\" class=\"size-medium wp-image-2099 aligncenter\" src=\"https:\/\/agora.xtec.cat\/escferreriguardiagranollers\/wp-content\/uploads\/usu988\/2018\/01\/cumella_1-300x223.jpg\" alt=\"\" width=\"300\" height=\"223\" srcset=\"https:\/\/agora.xtec.cat\/escferreriguardiagranollers\/wp-content\/uploads\/usu988\/2018\/01\/cumella_1-300x223.jpg 300w, https:\/\/agora.xtec.cat\/escferreriguardiagranollers\/wp-content\/uploads\/usu988\/2018\/01\/cumella_1-768x571.jpg 768w, https:\/\/agora.xtec.cat\/escferreriguardiagranollers\/wp-content\/uploads\/usu988\/2018\/01\/cumella_1-200x150.jpg 200w, https:\/\/agora.xtec.cat\/escferreriguardiagranollers\/wp-content\/uploads\/usu988\/2018\/01\/cumella_1.jpg 780w\" sizes=\"auto, (max-width: 300px) 100vw, 300px\" \/><\/a><\/td>\n<\/tr>\n<tr>\n<td style=\"width: 484px;\">\n<ul>\n<li><strong>Dimarts, 17 de mar\u00e7<\/strong><\/li>\n<\/ul>\n<p>Els alumnes de 3r. de prim\u00e0ria gaudirem de l&#8217;exposici\u00f3 &#8220;La Casa de la Festa Major&#8221; en la Roca Umbert. Fpabrica de les Arts.<\/p>\n<p><a href=\"https:\/\/agora.xtec.cat\/escferreriguardiagranollers\/wp-content\/uploads\/usu988\/2019\/04\/escut.png\"><img loading=\"lazy\" decoding=\"async\" class=\"size-medium wp-image-2751 aligncenter\" src=\"https:\/\/agora.xtec.cat\/escferreriguardiagranollers\/wp-content\/uploads\/usu988\/2019\/04\/escut-240x300.png\" alt=\"\" width=\"240\" height=\"300\" srcset=\"https:\/\/agora.xtec.cat\/escferreriguardiagranollers\/wp-content\/uploads\/usu988\/2019\/04\/escut-240x300.png 240w, https:\/\/agora.xtec.cat\/escferreriguardiagranollers\/wp-content\/uploads\/usu988\/2019\/04\/escut-768x959.png 768w, https:\/\/agora.xtec.cat\/escferreriguardiagranollers\/wp-content\/uploads\/usu988\/2019\/04\/escut-820x1024.png 820w, https:\/\/agora.xtec.cat\/escferreriguardiagranollers\/wp-content\/uploads\/usu988\/2019\/04\/escut.png 881w\" sizes=\"auto, (max-width: 240px) 100vw, 240px\" \/><\/a><\/td>\n<\/tr>\n<tr>\n<td style=\"width: 484px;\">\n<ul>\n<li><strong>Divendres, 27 de mar\u00e7<\/strong><\/li>\n<\/ul>\n<p>Els alumnes de Cicle Mitj\u00e0 gaudirem de &#8220;Aladdin&#8221; de IPA productions al cinema Edison (angl\u00e8s )<\/p>\n<p><a href=\"https:\/\/agora.xtec.cat\/escferreriguardiagranollers\/wp-content\/uploads\/usu988\/2020\/03\/aladin.jpg\"><img loading=\"lazy\" decoding=\"async\" class=\"size-medium wp-image-3452 aligncenter\" src=\"https:\/\/agora.xtec.cat\/escferreriguardiagranollers\/wp-content\/uploads\/usu988\/2020\/03\/aladin-190x300.jpg\" alt=\"\" width=\"190\" height=\"300\" srcset=\"https:\/\/agora.xtec.cat\/escferreriguardiagranollers\/wp-content\/uploads\/usu988\/2020\/03\/aladin-190x300.jpg 190w, https:\/\/agora.xtec.cat\/escferreriguardiagranollers\/wp-content\/uploads\/usu988\/2020\/03\/aladin-649x1024.jpg 649w, https:\/\/agora.xtec.cat\/escferreriguardiagranollers\/wp-content\/uploads\/usu988\/2020\/03\/aladin.jpg 761w\" sizes=\"auto, (max-width: 190px) 100vw, 190px\" \/><\/a><\/td>\n<\/tr>\n<tr>\n<td style=\"width: 484px;\"><\/td>\n<\/tr>\n<tr>\n<td style=\"width: 484px;\"><\/td>\n<\/tr>\n<tr>\n<td style=\"width: 484px;\"><\/td>\n<\/tr>\n<\/tbody>\n<\/table>\n","protected":false},"excerpt":{"rendered":"<p>Activitats que farem els alumnes de Cicle Mitj\u00e0 al llarg d&#8217;aquest mes de mar\u00e7.&hellip;  <a href=\"https:\/\/agora.xtec.cat\/escferreriguardiagranollers\/general\/marc20\/\" title=\"Read MAR\u00c7,20\">Llegeix m\u00e9s\u00bb<\/a><\/p>\n","protected":false},"author":7,"featured_media":1413,"comment_status":"open","ping_status":"closed","sticky":false,"template":"","format":"standard","meta":{"_bbp_topic_count":0,"_bbp_reply_count":0,"_bbp_total_topic_count":0,"_bbp_total_reply_count":0,"_bbp_voice_count":0,"_bbp_anonymous_reply_count":0,"_bbp_topic_count_hidden":0,"_bbp_reply_count_hidden":0,"_bbp_forum_subforum_count":0,"footnotes":""},"categories":[1],"tags":[],"class_list":["post-3444","post","type-post","status-publish","format-standard","has-post-thumbnail","hentry","category-general"],"post_mailing_queue_ids":[],"_links":{"self":[{"href":"https:\/\/agora.xtec.cat\/escferreriguardiagranollers\/wp-json\/wp\/v2\/posts\/3444","targetHints":{"allow":["GET"]}}],"collection":[{"href":"https:\/\/agora.xtec.cat\/escferreriguardiagranollers\/wp-json\/wp\/v2\/posts"}],"about":[{"href":"https:\/\/agora.xtec.cat\/escferreriguardiagranollers\/wp-json\/wp\/v2\/types\/post"}],"author":[{"embeddable":true,"href":"https:\/\/agora.xtec.cat\/escferreriguardiagranollers\/wp-json\/wp\/v2\/users\/7"}],"replies":[{"embeddable":true,"href":"https:\/\/agora.xtec.cat\/escferreriguardiagranollers\/wp-json\/wp\/v2\/comments?post=3444"}],"version-history":[{"count":1,"href":"https:\/\/agora.xtec.cat\/escferreriguardiagranollers\/wp-json\/wp\/v2\/posts\/3444\/revisions"}],"predecessor-version":[{"id":3453,"href":"https:\/\/agora.xtec.cat\/escferreriguardiagranollers\/wp-json\/wp\/v2\/posts\/3444\/revisions\/3453"}],"wp:featuredmedia":[{"embeddable":true,"href":"https:\/\/agora.xtec.cat\/escferreriguardiagranollers\/wp-json\/wp\/v2\/media\/1413"}],"wp:attachment":[{"href":"https:\/\/agora.xtec.cat\/escferreriguardiagranollers\/wp-json\/wp\/v2\/media?parent=3444"}],"wp:term":[{"taxonomy":"category","embeddable":true,"href":"https:\/\/agora.xtec.cat\/escferreriguardiagranollers\/wp-json\/wp\/v2\/categories?post=3444"},{"taxonomy":"post_tag","embeddable":true,"href":"https:\/\/agora.xtec.cat\/escferreriguardiagranollers\/wp-json\/wp\/v2\/tags?post=3444"}],"curies":[{"name":"wp","href":"https:\/\/api.w.org\/{rel}","templated":true}]}}