{"id":3401,"date":"2020-02-24T19:08:07","date_gmt":"2020-02-24T18:08:07","guid":{"rendered":"http:\/\/agora.xtec.cat\/escferreriguardiagranollers\/?p=3401"},"modified":"2020-02-24T19:08:07","modified_gmt":"2020-02-24T18:08:07","slug":"minimons-2","status":"publish","type":"post","link":"https:\/\/agora.xtec.cat\/escferreriguardiagranollers\/infantil\/minimons-2\/","title":{"rendered":"Minimons"},"content":{"rendered":"<p>Amb el nou trimestre hem comen\u00e7at amb la creaci\u00f3 de &#8220;Minimons&#8221;. Aquest primer ha estat inspirat en la Sabana, aix\u00ed aprenem encara m\u00e9s coses de l&#8217;h\u00e0bitat de les Girafes.<\/p>\n<p><a href=\"https:\/\/agora.xtec.cat\/escferreriguardiagranollers\/wp-content\/uploads\/usu988\/2020\/02\/IMG-20200110-WA0005-COLLAGE.jpg\"><img loading=\"lazy\" decoding=\"async\" class=\"wp-image-3402 aligncenter\" src=\"https:\/\/agora.xtec.cat\/escferreriguardiagranollers\/wp-content\/uploads\/usu988\/2020\/02\/IMG-20200110-WA0005-COLLAGE-1024x1024.jpg\" alt=\"\" width=\"923\" height=\"923\" srcset=\"https:\/\/agora.xtec.cat\/escferreriguardiagranollers\/wp-content\/uploads\/usu988\/2020\/02\/IMG-20200110-WA0005-COLLAGE-1024x1024.jpg 1024w, https:\/\/agora.xtec.cat\/escferreriguardiagranollers\/wp-content\/uploads\/usu988\/2020\/02\/IMG-20200110-WA0005-COLLAGE-150x150.jpg 150w, https:\/\/agora.xtec.cat\/escferreriguardiagranollers\/wp-content\/uploads\/usu988\/2020\/02\/IMG-20200110-WA0005-COLLAGE-300x300.jpg 300w, https:\/\/agora.xtec.cat\/escferreriguardiagranollers\/wp-content\/uploads\/usu988\/2020\/02\/IMG-20200110-WA0005-COLLAGE-768x768.jpg 768w, https:\/\/agora.xtec.cat\/escferreriguardiagranollers\/wp-content\/uploads\/usu988\/2020\/02\/IMG-20200110-WA0005-COLLAGE.jpg 2046w\" sizes=\"auto, (max-width: 923px) 100vw, 923px\" \/><\/a><\/p>\n","protected":false},"excerpt":{"rendered":"<p>Amb el nou trimestre hem comen\u00e7at amb la creaci\u00f3 de &#8220;Minimons&#8221;. Aquest primer ha estat inspirat en la Sabana, aix\u00ed aprenem encara m\u00e9s coses de l&#8217;h\u00e0bitat de les Girafes.<br \/>\n<a href=\"https:\/\/agora.xtec.cat\/escferreriguardiagranollers\/wp-content\/uploads\/usu988\/2020\/02\/IMG-20200110-WA0005-COLLAGE.jpg\"><\/a><\/p>\n","protected":false},"author":3,"featured_media":3268,"comment_status":"open","ping_status":"closed","sticky":false,"template":"","format":"standard","meta":{"_bbp_topic_count":0,"_bbp_reply_count":0,"_bbp_total_topic_count":0,"_bbp_total_reply_count":0,"_bbp_voice_count":0,"_bbp_anonymous_reply_count":0,"_bbp_topic_count_hidden":0,"_bbp_reply_count_hidden":0,"_bbp_forum_subforum_count":0,"footnotes":""},"categories":[2,8],"tags":[],"class_list":["post-3401","post","type-post","status-publish","format-standard","has-post-thumbnail","hentry","category-infantil","category-p4"],"post_mailing_queue_ids":[],"_links":{"self":[{"href":"https:\/\/agora.xtec.cat\/escferreriguardiagranollers\/wp-json\/wp\/v2\/posts\/3401","targetHints":{"allow":["GET"]}}],"collection":[{"href":"https:\/\/agora.xtec.cat\/escferreriguardiagranollers\/wp-json\/wp\/v2\/posts"}],"about":[{"href":"https:\/\/agora.xtec.cat\/escferreriguardiagranollers\/wp-json\/wp\/v2\/types\/post"}],"author":[{"embeddable":true,"href":"https:\/\/agora.xtec.cat\/escferreriguardiagranollers\/wp-json\/wp\/v2\/users\/3"}],"replies":[{"embeddable":true,"href":"https:\/\/agora.xtec.cat\/escferreriguardiagranollers\/wp-json\/wp\/v2\/comments?post=3401"}],"version-history":[{"count":1,"href":"https:\/\/agora.xtec.cat\/escferreriguardiagranollers\/wp-json\/wp\/v2\/posts\/3401\/revisions"}],"predecessor-version":[{"id":3403,"href":"https:\/\/agora.xtec.cat\/escferreriguardiagranollers\/wp-json\/wp\/v2\/posts\/3401\/revisions\/3403"}],"wp:featuredmedia":[{"embeddable":true,"href":"https:\/\/agora.xtec.cat\/escferreriguardiagranollers\/wp-json\/wp\/v2\/media\/3268"}],"wp:attachment":[{"href":"https:\/\/agora.xtec.cat\/escferreriguardiagranollers\/wp-json\/wp\/v2\/media?parent=3401"}],"wp:term":[{"taxonomy":"category","embeddable":true,"href":"https:\/\/agora.xtec.cat\/escferreriguardiagranollers\/wp-json\/wp\/v2\/categories?post=3401"},{"taxonomy":"post_tag","embeddable":true,"href":"https:\/\/agora.xtec.cat\/escferreriguardiagranollers\/wp-json\/wp\/v2\/tags?post=3401"}],"curies":[{"name":"wp","href":"https:\/\/api.w.org\/{rel}","templated":true}]}}