{"id":2843,"date":"2019-06-21T14:35:35","date_gmt":"2019-06-21T12:35:35","guid":{"rendered":"http:\/\/agora.xtec.cat\/escferreriguardiagranollers\/?p=2843"},"modified":"2019-06-21T14:36:58","modified_gmt":"2019-06-21T12:36:58","slug":"programa-de-radio-granollers","status":"publish","type":"post","link":"https:\/\/agora.xtec.cat\/escferreriguardiagranollers\/portada\/programa-de-radio-granollers\/","title":{"rendered":"PROGRAMA DE R\u00c0DIO GRANOLLERS"},"content":{"rendered":"<p>El passat dimarts dia 11 de juny, un grup d&#8217;alumnes de 6\u00e8 van anar a R\u00e0dio Granollers a enregistrar el seu programa de r\u00e0dio, programa que es va poder escoltar &#8220;en directe&#8221; el dissabte 15 de juny a les 9,30h del mat\u00ed dins el programa ENTORN R\u00c0DIO.\u00a0 Hi participen tots els alumnes de la classe, ja que els que no hi van poder venir, van enregistrar alguna connexi\u00f3 des del kit de r\u00e0dio de l&#8217;escola.<br \/>\n<a href=\"https:\/\/agora.xtec.cat\/escferreriguardiagranollers\/wp-content\/uploads\/usu988\/2019\/06\/IMG-20190611-WA0037.jpg\"><img loading=\"lazy\" decoding=\"async\" src=\"https:\/\/agora.xtec.cat\/escferreriguardiagranollers\/wp-content\/uploads\/usu988\/2019\/06\/IMG-20190611-WA0037-300x169.jpg\" alt=\"\" width=\"300\" height=\"169\" class=\"aligncenter size-medium wp-image-2844\" srcset=\"https:\/\/agora.xtec.cat\/escferreriguardiagranollers\/wp-content\/uploads\/usu988\/2019\/06\/IMG-20190611-WA0037-300x169.jpg 300w, https:\/\/agora.xtec.cat\/escferreriguardiagranollers\/wp-content\/uploads\/usu988\/2019\/06\/IMG-20190611-WA0037-768x432.jpg 768w, https:\/\/agora.xtec.cat\/escferreriguardiagranollers\/wp-content\/uploads\/usu988\/2019\/06\/IMG-20190611-WA0037-1024x576.jpg 1024w, https:\/\/agora.xtec.cat\/escferreriguardiagranollers\/wp-content\/uploads\/usu988\/2019\/06\/IMG-20190611-WA0037.jpg 1600w\" sizes=\"auto, (max-width: 300px) 100vw, 300px\" \/><\/a><br \/>\nAqu\u00ed teniu l&#8217;enlla\u00e7 per poder-lo escoltar.<br \/>\nhttp:\/\/www.radiogranollers.cat\/GASL\/DetallPrograma\/_7hnsAmuDYQbE4WxWECxuacuJNv52VFOHev2rBSY3pC0<\/p>\n<p>Esperem que us agradi!<\/p>\n","protected":false},"excerpt":{"rendered":"<p>El passat dimarts dia 11 de juny, un grup d&#8217;alumnes de 6\u00e8 van anar a R\u00e0dio Granollers a enregistrar el seu programa de r\u00e0dio, programa que es va poder escoltar &#8220;en directe&#8221; el dissabte 15 de juny a les 9,30h del mat\u00ed dins el programa&hellip;  <a href=\"https:\/\/agora.xtec.cat\/escferreriguardiagranollers\/portada\/programa-de-radio-granollers\/\" title=\"Read PROGRAMA DE R\u00c0DIO GRANOLLERS\">Llegeix m\u00e9s\u00bb<\/a><\/p>\n","protected":false},"author":8,"featured_media":0,"comment_status":"open","ping_status":"closed","sticky":false,"template":"","format":"standard","meta":{"_bbp_topic_count":0,"_bbp_reply_count":0,"_bbp_total_topic_count":0,"_bbp_total_reply_count":0,"_bbp_voice_count":0,"_bbp_anonymous_reply_count":0,"_bbp_topic_count_hidden":0,"_bbp_reply_count_hidden":0,"_bbp_forum_subforum_count":0,"footnotes":""},"categories":[37,4],"tags":[],"class_list":["post-2843","post","type-post","status-publish","format-standard","hentry","category-fem-radio","category-portada"],"post_mailing_queue_ids":[],"_links":{"self":[{"href":"https:\/\/agora.xtec.cat\/escferreriguardiagranollers\/wp-json\/wp\/v2\/posts\/2843","targetHints":{"allow":["GET"]}}],"collection":[{"href":"https:\/\/agora.xtec.cat\/escferreriguardiagranollers\/wp-json\/wp\/v2\/posts"}],"about":[{"href":"https:\/\/agora.xtec.cat\/escferreriguardiagranollers\/wp-json\/wp\/v2\/types\/post"}],"author":[{"embeddable":true,"href":"https:\/\/agora.xtec.cat\/escferreriguardiagranollers\/wp-json\/wp\/v2\/users\/8"}],"replies":[{"embeddable":true,"href":"https:\/\/agora.xtec.cat\/escferreriguardiagranollers\/wp-json\/wp\/v2\/comments?post=2843"}],"version-history":[{"count":3,"href":"https:\/\/agora.xtec.cat\/escferreriguardiagranollers\/wp-json\/wp\/v2\/posts\/2843\/revisions"}],"predecessor-version":[{"id":2847,"href":"https:\/\/agora.xtec.cat\/escferreriguardiagranollers\/wp-json\/wp\/v2\/posts\/2843\/revisions\/2847"}],"wp:attachment":[{"href":"https:\/\/agora.xtec.cat\/escferreriguardiagranollers\/wp-json\/wp\/v2\/media?parent=2843"}],"wp:term":[{"taxonomy":"category","embeddable":true,"href":"https:\/\/agora.xtec.cat\/escferreriguardiagranollers\/wp-json\/wp\/v2\/categories?post=2843"},{"taxonomy":"post_tag","embeddable":true,"href":"https:\/\/agora.xtec.cat\/escferreriguardiagranollers\/wp-json\/wp\/v2\/tags?post=2843"}],"curies":[{"name":"wp","href":"https:\/\/api.w.org\/{rel}","templated":true}]}}