{"id":2806,"date":"2019-04-28T20:31:13","date_gmt":"2019-04-28T18:31:13","guid":{"rendered":"http:\/\/agora.xtec.cat\/escferreriguardiagranollers\/?p=2806"},"modified":"2019-04-28T20:31:13","modified_gmt":"2019-04-28T18:31:13","slug":"colonies-eurostage","status":"publish","type":"post","link":"https:\/\/agora.xtec.cat\/escferreriguardiagranollers\/general\/colonies-eurostage\/","title":{"rendered":"Col\u00f2nies Eurostage"},"content":{"rendered":"<p>Aquest any els alumnes d&#8217;educaci\u00f3 infantil i cicle inicial hem anat de col\u00f2nies a Arenys de Mar, a la casa Eurostage.<\/p>\n<p>All\u00e0 hem apr\u00e8s moltes coses sobre el mar i els pirates!! Ha estat molt emocionant passar aquests dos dies amb els companys\/es i les mestres!!<\/p>\n<p><a href=\"https:\/\/agora.xtec.cat\/escferreriguardiagranollers\/wp-content\/uploads\/usu988\/2019\/04\/IMG-20190408-WA0065-COLLAGE.jpg\"><img loading=\"lazy\" decoding=\"async\" class=\"wp-image-2807 aligncenter\" src=\"https:\/\/agora.xtec.cat\/escferreriguardiagranollers\/wp-content\/uploads\/usu988\/2019\/04\/IMG-20190408-WA0065-COLLAGE-1024x1024.jpg\" alt=\"\" width=\"845\" height=\"845\" srcset=\"https:\/\/agora.xtec.cat\/escferreriguardiagranollers\/wp-content\/uploads\/usu988\/2019\/04\/IMG-20190408-WA0065-COLLAGE-1024x1024.jpg 1024w, https:\/\/agora.xtec.cat\/escferreriguardiagranollers\/wp-content\/uploads\/usu988\/2019\/04\/IMG-20190408-WA0065-COLLAGE-150x150.jpg 150w, https:\/\/agora.xtec.cat\/escferreriguardiagranollers\/wp-content\/uploads\/usu988\/2019\/04\/IMG-20190408-WA0065-COLLAGE-300x300.jpg 300w, https:\/\/agora.xtec.cat\/escferreriguardiagranollers\/wp-content\/uploads\/usu988\/2019\/04\/IMG-20190408-WA0065-COLLAGE-768x768.jpg 768w, https:\/\/agora.xtec.cat\/escferreriguardiagranollers\/wp-content\/uploads\/usu988\/2019\/04\/IMG-20190408-WA0065-COLLAGE.jpg 1877w\" sizes=\"auto, (max-width: 845px) 100vw, 845px\" \/><\/a><\/p>\n","protected":false},"excerpt":{"rendered":"<p>Aquest any els alumnes d&#8217;educaci\u00f3 infantil i cicle inicial hem anat de col\u00f2nies a Arenys de Mar, a la casa Eurostage.<br \/>\nAll\u00e0 hem apr\u00e8s moltes coses sobre el mar i els pirates!! Ha estat molt emocionant passar aquests dos dies amb els companys\/es i les mestres!!<br \/>\n<a&hellip;  <a href=\"https:\/\/agora.xtec.cat\/escferreriguardiagranollers\/general\/colonies-eurostage\/\" title=\"Read Col\u00f2nies Eurostage\">Llegeix m\u00e9s\u00bb<\/a><\/p>\n","protected":false},"author":3,"featured_media":0,"comment_status":"open","ping_status":"closed","sticky":false,"template":"","format":"standard","meta":{"_bbp_topic_count":0,"_bbp_reply_count":0,"_bbp_total_topic_count":0,"_bbp_total_reply_count":0,"_bbp_voice_count":0,"_bbp_anonymous_reply_count":0,"_bbp_topic_count_hidden":0,"_bbp_reply_count_hidden":0,"_bbp_forum_subforum_count":0,"footnotes":""},"categories":[10,1,2,3,8,9],"tags":[],"class_list":["post-2806","post","type-post","status-publish","format-standard","hentry","category-1r-i-2n","category-general","category-infantil","category-p3","category-p4","category-p5"],"post_mailing_queue_ids":[],"_links":{"self":[{"href":"https:\/\/agora.xtec.cat\/escferreriguardiagranollers\/wp-json\/wp\/v2\/posts\/2806","targetHints":{"allow":["GET"]}}],"collection":[{"href":"https:\/\/agora.xtec.cat\/escferreriguardiagranollers\/wp-json\/wp\/v2\/posts"}],"about":[{"href":"https:\/\/agora.xtec.cat\/escferreriguardiagranollers\/wp-json\/wp\/v2\/types\/post"}],"author":[{"embeddable":true,"href":"https:\/\/agora.xtec.cat\/escferreriguardiagranollers\/wp-json\/wp\/v2\/users\/3"}],"replies":[{"embeddable":true,"href":"https:\/\/agora.xtec.cat\/escferreriguardiagranollers\/wp-json\/wp\/v2\/comments?post=2806"}],"version-history":[{"count":1,"href":"https:\/\/agora.xtec.cat\/escferreriguardiagranollers\/wp-json\/wp\/v2\/posts\/2806\/revisions"}],"predecessor-version":[{"id":2808,"href":"https:\/\/agora.xtec.cat\/escferreriguardiagranollers\/wp-json\/wp\/v2\/posts\/2806\/revisions\/2808"}],"wp:attachment":[{"href":"https:\/\/agora.xtec.cat\/escferreriguardiagranollers\/wp-json\/wp\/v2\/media?parent=2806"}],"wp:term":[{"taxonomy":"category","embeddable":true,"href":"https:\/\/agora.xtec.cat\/escferreriguardiagranollers\/wp-json\/wp\/v2\/categories?post=2806"},{"taxonomy":"post_tag","embeddable":true,"href":"https:\/\/agora.xtec.cat\/escferreriguardiagranollers\/wp-json\/wp\/v2\/tags?post=2806"}],"curies":[{"name":"wp","href":"https:\/\/api.w.org\/{rel}","templated":true}]}}