{"id":2789,"date":"2019-04-24T09:52:11","date_gmt":"2019-04-24T07:52:11","guid":{"rendered":"http:\/\/agora.xtec.cat\/escferreriguardiagranollers\/?p=2789"},"modified":"2019-04-25T10:20:36","modified_gmt":"2019-04-25T08:20:36","slug":"sant-jordi-2019","status":"publish","type":"post","link":"https:\/\/agora.xtec.cat\/escferreriguardiagranollers\/portada\/sant-jordi-2019\/","title":{"rendered":"SANT JORDI 2019"},"content":{"rendered":"<p>Ahir, 23 d&#8217;abril, vam celebrar la Diada de Sant Jordi amb els emocionants Jocs Florals.<\/p>\n<p>Aqu\u00ed podeu veure els noms dels guanyadors i guanyadores\u00a0 i podeu llegir els seus textos.:<\/p>\n<p><strong>1r:<\/strong><\/p>\n<p><a href=\"https:\/\/agora.xtec.cat\/escferreriguardiagranollers\/wp-content\/uploads\/usu988\/2019\/04\/La-fam\u00edlia-1r.pdf\">La fam\u00edlia 1r<\/a><\/p>\n<p><em>Rallo<\/em>: Lionel Carrasco i <em>Futbolista<\/em>: Sekou Kamassoko<\/p>\n<p><strong>2n:\u00a0<\/strong><\/p>\n<p><a href=\"https:\/\/agora.xtec.cat\/escferreriguardiagranollers\/wp-content\/uploads\/usu988\/2019\/04\/El-pare-i-la-mare-2n.pdf\">El pare i la mare 2n<\/a><\/p>\n<p><em>Els reis de la classe:<\/em> Ainhoa Garcia Varela i Lei Xu<\/p>\n<p><strong>3r:<\/strong><\/p>\n<p><a href=\"https:\/\/agora.xtec.cat\/escferreriguardiagranollers\/wp-content\/uploads\/usu988\/2019\/04\/Lamistat-3r.pdf\">L&#8217;amistat 3r<\/a><\/p>\n<p><em>Capit\u00e0 cal\u00e7otets<\/em>: Gerard Salvador Llorens<\/p>\n<p><strong>4t:<\/strong><\/p>\n<p><a href=\"https:\/\/agora.xtec.cat\/escferreriguardiagranollers\/wp-content\/uploads\/usu988\/2019\/04\/Els-sentiments-4t.pdf\">Els sentiments 4t<\/a><\/p>\n<p><em>Gamer ZZ777<\/em>: Wael Hamdan<\/p>\n<p><strong>5\u00e8:<\/strong><\/p>\n<p><a href=\"https:\/\/agora.xtec.cat\/escferreriguardiagranollers\/wp-content\/uploads\/usu988\/2019\/04\/Solit\u00e0ria-5\u00e8.pdf\">Solit\u00e0ria 5\u00e8<\/a><\/p>\n<p><em>Les Dus<\/em>: Sheila Ramiro Fern\u00e1ndez, Dianke Diaby Diaby i Vanessa Mart\u00ednez G\u00f3mez<\/p>\n<p><strong>6\u00e8:<\/strong><\/p>\n<p><a href=\"https:\/\/agora.xtec.cat\/escferreriguardiagranollers\/wp-content\/uploads\/usu988\/2019\/04\/La-nena-i-la-formiga-6\u00e8.pdf\">La nena i la formiga 6\u00e8<\/a><\/p>\n<p><em>Desir\u00e9<\/em>: Ariadna Mart\u00ednez S\u00e1nchez.<\/p>\n<p><a href=\"https:\/\/agora.xtec.cat\/escferreriguardiagranollers\/wp-content\/uploads\/usu988\/2019\/04\/IMG-20190423-WA0014.jpg\">\u00a0 \u00a0 \u00a0 \u00a0 \u00a0\u00a0<img loading=\"lazy\" decoding=\"async\" class=\"alignnone size-full wp-image-2792\" src=\"https:\/\/agora.xtec.cat\/escferreriguardiagranollers\/wp-content\/uploads\/usu988\/2019\/04\/IMG-20190423-WA0014.jpg\" alt=\"\" width=\"433\" height=\"577\" srcset=\"https:\/\/agora.xtec.cat\/escferreriguardiagranollers\/wp-content\/uploads\/usu988\/2019\/04\/IMG-20190423-WA0014.jpg 433w, https:\/\/agora.xtec.cat\/escferreriguardiagranollers\/wp-content\/uploads\/usu988\/2019\/04\/IMG-20190423-WA0014-225x300.jpg 225w\" sizes=\"auto, (max-width: 433px) 100vw, 433px\" \/><\/a><\/p>\n<p><a href=\"https:\/\/agora.xtec.cat\/escferreriguardiagranollers\/wp-content\/uploads\/usu988\/2019\/04\/guanyadors-copia.jpg\"><img loading=\"lazy\" decoding=\"async\" class=\"alignnone size-full wp-image-2790\" src=\"https:\/\/agora.xtec.cat\/escferreriguardiagranollers\/wp-content\/uploads\/usu988\/2019\/04\/guanyadors-copia.jpg\" alt=\"\" width=\"577\" height=\"433\" srcset=\"https:\/\/agora.xtec.cat\/escferreriguardiagranollers\/wp-content\/uploads\/usu988\/2019\/04\/guanyadors-copia.jpg 577w, https:\/\/agora.xtec.cat\/escferreriguardiagranollers\/wp-content\/uploads\/usu988\/2019\/04\/guanyadors-copia-300x225.jpg 300w, https:\/\/agora.xtec.cat\/escferreriguardiagranollers\/wp-content\/uploads\/usu988\/2019\/04\/guanyadors-copia-200x150.jpg 200w\" sizes=\"auto, (max-width: 577px) 100vw, 577px\" \/><\/a><\/p>\n<p><a href=\"https:\/\/agora.xtec.cat\/escferreriguardiagranollers\/wp-content\/uploads\/usu988\/2019\/04\/IMG-20190423-WA0009-copia.jpg\"><img loading=\"lazy\" decoding=\"async\" class=\"alignnone wp-image-2791\" src=\"https:\/\/agora.xtec.cat\/escferreriguardiagranollers\/wp-content\/uploads\/usu988\/2019\/04\/IMG-20190423-WA0009-copia-1024x768.jpg\" alt=\"\" width=\"574\" height=\"431\" srcset=\"https:\/\/agora.xtec.cat\/escferreriguardiagranollers\/wp-content\/uploads\/usu988\/2019\/04\/IMG-20190423-WA0009-copia-1024x768.jpg 1024w, https:\/\/agora.xtec.cat\/escferreriguardiagranollers\/wp-content\/uploads\/usu988\/2019\/04\/IMG-20190423-WA0009-copia-300x225.jpg 300w, https:\/\/agora.xtec.cat\/escferreriguardiagranollers\/wp-content\/uploads\/usu988\/2019\/04\/IMG-20190423-WA0009-copia-768x576.jpg 768w, https:\/\/agora.xtec.cat\/escferreriguardiagranollers\/wp-content\/uploads\/usu988\/2019\/04\/IMG-20190423-WA0009-copia-200x150.jpg 200w, https:\/\/agora.xtec.cat\/escferreriguardiagranollers\/wp-content\/uploads\/usu988\/2019\/04\/IMG-20190423-WA0009-copia.jpg 1600w\" sizes=\"auto, (max-width: 574px) 100vw, 574px\" \/><\/a> \u00a0<a href=\"https:\/\/agora.xtec.cat\/escferreriguardiagranollers\/wp-content\/uploads\/usu988\/2019\/04\/IMG-20190423-WA0020.jpg\"><img loading=\"lazy\" decoding=\"async\" class=\"alignnone size-large wp-image-2793\" src=\"https:\/\/agora.xtec.cat\/escferreriguardiagranollers\/wp-content\/uploads\/usu988\/2019\/04\/IMG-20190423-WA0020.jpg\" alt=\"\" width=\"577\" height=\"433\" srcset=\"https:\/\/agora.xtec.cat\/escferreriguardiagranollers\/wp-content\/uploads\/usu988\/2019\/04\/IMG-20190423-WA0020.jpg 577w, https:\/\/agora.xtec.cat\/escferreriguardiagranollers\/wp-content\/uploads\/usu988\/2019\/04\/IMG-20190423-WA0020-300x225.jpg 300w, https:\/\/agora.xtec.cat\/escferreriguardiagranollers\/wp-content\/uploads\/usu988\/2019\/04\/IMG-20190423-WA0020-200x150.jpg 200w\" sizes=\"auto, (max-width: 577px) 100vw, 577px\" \/><\/a> <a href=\"https:\/\/agora.xtec.cat\/escferreriguardiagranollers\/wp-content\/uploads\/usu988\/2019\/04\/IMG-20190423-WA0026.jpg\"><img loading=\"lazy\" decoding=\"async\" class=\"alignnone size-large wp-image-2794\" src=\"https:\/\/agora.xtec.cat\/escferreriguardiagranollers\/wp-content\/uploads\/usu988\/2019\/04\/IMG-20190423-WA0026.jpg\" alt=\"\" width=\"577\" height=\"433\" srcset=\"https:\/\/agora.xtec.cat\/escferreriguardiagranollers\/wp-content\/uploads\/usu988\/2019\/04\/IMG-20190423-WA0026.jpg 577w, https:\/\/agora.xtec.cat\/escferreriguardiagranollers\/wp-content\/uploads\/usu988\/2019\/04\/IMG-20190423-WA0026-300x225.jpg 300w, https:\/\/agora.xtec.cat\/escferreriguardiagranollers\/wp-content\/uploads\/usu988\/2019\/04\/IMG-20190423-WA0026-200x150.jpg 200w\" sizes=\"auto, (max-width: 577px) 100vw, 577px\" \/><\/a> <a href=\"https:\/\/agora.xtec.cat\/escferreriguardiagranollers\/wp-content\/uploads\/usu988\/2019\/04\/IMG-20190423-WA0043.jpg\"><img loading=\"lazy\" decoding=\"async\" class=\"alignnone size-large wp-image-2795\" src=\"https:\/\/agora.xtec.cat\/escferreriguardiagranollers\/wp-content\/uploads\/usu988\/2019\/04\/IMG-20190423-WA0043.jpg\" alt=\"\" width=\"577\" height=\"433\" srcset=\"https:\/\/agora.xtec.cat\/escferreriguardiagranollers\/wp-content\/uploads\/usu988\/2019\/04\/IMG-20190423-WA0043.jpg 577w, https:\/\/agora.xtec.cat\/escferreriguardiagranollers\/wp-content\/uploads\/usu988\/2019\/04\/IMG-20190423-WA0043-300x225.jpg 300w, https:\/\/agora.xtec.cat\/escferreriguardiagranollers\/wp-content\/uploads\/usu988\/2019\/04\/IMG-20190423-WA0043-200x150.jpg 200w\" sizes=\"auto, (max-width: 577px) 100vw, 577px\" \/><\/a><\/p>\n<p>&nbsp;<\/p>\n","protected":false},"excerpt":{"rendered":"<p>Ahir, 23 d&#8217;abril, vam celebrar la Diada de Sant Jordi amb els emocionants Jocs Florals.<br \/>\nAqu\u00ed podeu veure els noms dels guanyadors i guanyadores\u00a0 i podeu llegir els seus textos.:<br \/>\n1r:<br \/>\n<a href=\"https:\/\/agora.xtec.cat\/escferreriguardiagranollers\/wp-content\/uploads\/usu988\/2019\/04\/La-fam\u00edlia-1r.pdf\">La fam\u00edlia 1r<\/a><br \/>\nRallo: Lionel Carrasco i Futbolista: Sekou Kamassoko<br \/>\n2n:\u00a0<br \/>\n<a href=\"https:\/\/agora.xtec.cat\/escferreriguardiagranollers\/wp-content\/uploads\/usu988\/2019\/04\/El-pare-i-la-mare-2n.pdf\">El pare i la mare 2n<\/a><br \/>\nEls reis&hellip;  <a href=\"https:\/\/agora.xtec.cat\/escferreriguardiagranollers\/portada\/sant-jordi-2019\/\" title=\"Read SANT JORDI 2019\">Llegeix m\u00e9s\u00bb<\/a><\/p>\n","protected":false},"author":1,"featured_media":0,"comment_status":"open","ping_status":"closed","sticky":false,"template":"","format":"standard","meta":{"_bbp_topic_count":0,"_bbp_reply_count":0,"_bbp_total_topic_count":0,"_bbp_total_reply_count":0,"_bbp_voice_count":0,"_bbp_anonymous_reply_count":0,"_bbp_topic_count_hidden":0,"_bbp_reply_count_hidden":0,"_bbp_forum_subforum_count":0,"footnotes":""},"categories":[4],"tags":[],"class_list":["post-2789","post","type-post","status-publish","format-standard","hentry","category-portada"],"post_mailing_queue_ids":[],"_links":{"self":[{"href":"https:\/\/agora.xtec.cat\/escferreriguardiagranollers\/wp-json\/wp\/v2\/posts\/2789","targetHints":{"allow":["GET"]}}],"collection":[{"href":"https:\/\/agora.xtec.cat\/escferreriguardiagranollers\/wp-json\/wp\/v2\/posts"}],"about":[{"href":"https:\/\/agora.xtec.cat\/escferreriguardiagranollers\/wp-json\/wp\/v2\/types\/post"}],"author":[{"embeddable":true,"href":"https:\/\/agora.xtec.cat\/escferreriguardiagranollers\/wp-json\/wp\/v2\/users\/1"}],"replies":[{"embeddable":true,"href":"https:\/\/agora.xtec.cat\/escferreriguardiagranollers\/wp-json\/wp\/v2\/comments?post=2789"}],"version-history":[{"count":3,"href":"https:\/\/agora.xtec.cat\/escferreriguardiagranollers\/wp-json\/wp\/v2\/posts\/2789\/revisions"}],"predecessor-version":[{"id":2804,"href":"https:\/\/agora.xtec.cat\/escferreriguardiagranollers\/wp-json\/wp\/v2\/posts\/2789\/revisions\/2804"}],"wp:attachment":[{"href":"https:\/\/agora.xtec.cat\/escferreriguardiagranollers\/wp-json\/wp\/v2\/media?parent=2789"}],"wp:term":[{"taxonomy":"category","embeddable":true,"href":"https:\/\/agora.xtec.cat\/escferreriguardiagranollers\/wp-json\/wp\/v2\/categories?post=2789"},{"taxonomy":"post_tag","embeddable":true,"href":"https:\/\/agora.xtec.cat\/escferreriguardiagranollers\/wp-json\/wp\/v2\/tags?post=2789"}],"curies":[{"name":"wp","href":"https:\/\/api.w.org\/{rel}","templated":true}]}}