{"id":2769,"date":"2019-04-05T11:25:59","date_gmt":"2019-04-05T09:25:59","guid":{"rendered":"http:\/\/agora.xtec.cat\/escferreriguardiagranollers\/?p=2769"},"modified":"2019-04-05T11:27:25","modified_gmt":"2019-04-05T09:27:25","slug":"perduts-a-la-biblioteca","status":"publish","type":"post","link":"https:\/\/agora.xtec.cat\/escferreriguardiagranollers\/general\/perduts-a-la-biblioteca\/","title":{"rendered":"PERDUTS A LA BIBLIOTECA"},"content":{"rendered":"<p>Els alumnes de quart, dijous dia 4 d\u2019abril, v\u00e0rem anar a la biblioteca Can Pedrals a fer una activitat anomenada &#8220;Perduts a la biblioteca&#8221;.<\/p>\n<p>Ens van ensenyar a buscar llibres de la biblioteca amb el cat\u00e0leg infantil\u00a0 a partir de la cerca b\u00e0sica per t\u00edtol, autor o tema.<\/p>\n<p>Despr\u00e9s, van posar en pr\u00e0ctica el que hav\u00edem apr\u00e8s, treballant en grups cooperatius.<\/p>\n<p>I per acabar l\u2019activitat cada grup de treball va explicar als seus companys la seva recerca.<\/p>\n<p>Ens ho v\u00e0rem passar d&#8217;all\u00f2 m\u00e9s b\u00e9 tot aprenent moltes coses, \u00a0i a m\u00e9s&#8230; ens van felicitar!!!<a href=\"https:\/\/agora.xtec.cat\/escferreriguardiagranollers\/wp-content\/uploads\/usu988\/2019\/04\/grupo1.jpg\"><img loading=\"lazy\" decoding=\"async\" class=\"alignleft wp-image-2773 size-medium\" src=\"https:\/\/agora.xtec.cat\/escferreriguardiagranollers\/wp-content\/uploads\/usu988\/2019\/04\/grupo1-300x235.jpg\" alt=\"\" width=\"300\" height=\"235\" srcset=\"https:\/\/agora.xtec.cat\/escferreriguardiagranollers\/wp-content\/uploads\/usu988\/2019\/04\/grupo1-300x235.jpg 300w, https:\/\/agora.xtec.cat\/escferreriguardiagranollers\/wp-content\/uploads\/usu988\/2019\/04\/grupo1-768x601.jpg 768w, https:\/\/agora.xtec.cat\/escferreriguardiagranollers\/wp-content\/uploads\/usu988\/2019\/04\/grupo1-1024x801.jpg 1024w\" sizes=\"auto, (max-width: 300px) 100vw, 300px\" \/><\/a><\/p>\n<p><a href=\"https:\/\/agora.xtec.cat\/escferreriguardiagranollers\/wp-content\/uploads\/usu988\/2019\/04\/grupo5.jpg\"><img loading=\"lazy\" decoding=\"async\" class=\"alignleft wp-image-2771 size-medium\" src=\"https:\/\/agora.xtec.cat\/escferreriguardiagranollers\/wp-content\/uploads\/usu988\/2019\/04\/grupo5-300x243.jpg\" alt=\"\" width=\"300\" height=\"243\" srcset=\"https:\/\/agora.xtec.cat\/escferreriguardiagranollers\/wp-content\/uploads\/usu988\/2019\/04\/grupo5-300x243.jpg 300w, https:\/\/agora.xtec.cat\/escferreriguardiagranollers\/wp-content\/uploads\/usu988\/2019\/04\/grupo5-768x623.jpg 768w, https:\/\/agora.xtec.cat\/escferreriguardiagranollers\/wp-content\/uploads\/usu988\/2019\/04\/grupo5-1024x831.jpg 1024w\" sizes=\"auto, (max-width: 300px) 100vw, 300px\" \/><\/a><\/p>\n<p><a href=\"https:\/\/agora.xtec.cat\/escferreriguardiagranollers\/wp-content\/uploads\/usu988\/2019\/04\/grupo3.jpg\"><img loading=\"lazy\" decoding=\"async\" class=\"alignleft wp-image-2770 size-medium\" src=\"https:\/\/agora.xtec.cat\/escferreriguardiagranollers\/wp-content\/uploads\/usu988\/2019\/04\/grupo3-276x300.jpg\" alt=\"\" width=\"276\" height=\"300\" srcset=\"https:\/\/agora.xtec.cat\/escferreriguardiagranollers\/wp-content\/uploads\/usu988\/2019\/04\/grupo3-276x300.jpg 276w, https:\/\/agora.xtec.cat\/escferreriguardiagranollers\/wp-content\/uploads\/usu988\/2019\/04\/grupo3-768x834.jpg 768w, https:\/\/agora.xtec.cat\/escferreriguardiagranollers\/wp-content\/uploads\/usu988\/2019\/04\/grupo3-943x1024.jpg 943w, https:\/\/agora.xtec.cat\/escferreriguardiagranollers\/wp-content\/uploads\/usu988\/2019\/04\/grupo3.jpg 1748w\" sizes=\"auto, (max-width: 276px) 100vw, 276px\" \/><\/a><\/p>\n","protected":false},"excerpt":{"rendered":"<p>Els alumnes de quart, dijous dia 4 d\u2019abril, v\u00e0rem anar a la biblioteca Can Pedrals a fer una activitat anomenada &#8220;Perduts a la biblioteca&#8221;.<br \/>\nEns van ensenyar a buscar llibres de la biblioteca amb el cat\u00e0leg infantil\u00a0 a partir de la cerca b\u00e0sica per t\u00edtol, autor&hellip;  <a href=\"https:\/\/agora.xtec.cat\/escferreriguardiagranollers\/general\/perduts-a-la-biblioteca\/\" title=\"Read PERDUTS A LA BIBLIOTECA\">Llegeix m\u00e9s\u00bb<\/a><\/p>\n","protected":false},"author":7,"featured_media":2772,"comment_status":"open","ping_status":"closed","sticky":false,"template":"","format":"standard","meta":{"_bbp_topic_count":0,"_bbp_reply_count":0,"_bbp_total_topic_count":0,"_bbp_total_reply_count":0,"_bbp_voice_count":0,"_bbp_anonymous_reply_count":0,"_bbp_topic_count_hidden":0,"_bbp_reply_count_hidden":0,"_bbp_forum_subforum_count":0,"footnotes":""},"categories":[1],"tags":[],"class_list":["post-2769","post","type-post","status-publish","format-standard","has-post-thumbnail","hentry","category-general"],"post_mailing_queue_ids":[],"_links":{"self":[{"href":"https:\/\/agora.xtec.cat\/escferreriguardiagranollers\/wp-json\/wp\/v2\/posts\/2769","targetHints":{"allow":["GET"]}}],"collection":[{"href":"https:\/\/agora.xtec.cat\/escferreriguardiagranollers\/wp-json\/wp\/v2\/posts"}],"about":[{"href":"https:\/\/agora.xtec.cat\/escferreriguardiagranollers\/wp-json\/wp\/v2\/types\/post"}],"author":[{"embeddable":true,"href":"https:\/\/agora.xtec.cat\/escferreriguardiagranollers\/wp-json\/wp\/v2\/users\/7"}],"replies":[{"embeddable":true,"href":"https:\/\/agora.xtec.cat\/escferreriguardiagranollers\/wp-json\/wp\/v2\/comments?post=2769"}],"version-history":[{"count":1,"href":"https:\/\/agora.xtec.cat\/escferreriguardiagranollers\/wp-json\/wp\/v2\/posts\/2769\/revisions"}],"predecessor-version":[{"id":2774,"href":"https:\/\/agora.xtec.cat\/escferreriguardiagranollers\/wp-json\/wp\/v2\/posts\/2769\/revisions\/2774"}],"wp:featuredmedia":[{"embeddable":true,"href":"https:\/\/agora.xtec.cat\/escferreriguardiagranollers\/wp-json\/wp\/v2\/media\/2772"}],"wp:attachment":[{"href":"https:\/\/agora.xtec.cat\/escferreriguardiagranollers\/wp-json\/wp\/v2\/media?parent=2769"}],"wp:term":[{"taxonomy":"category","embeddable":true,"href":"https:\/\/agora.xtec.cat\/escferreriguardiagranollers\/wp-json\/wp\/v2\/categories?post=2769"},{"taxonomy":"post_tag","embeddable":true,"href":"https:\/\/agora.xtec.cat\/escferreriguardiagranollers\/wp-json\/wp\/v2\/tags?post=2769"}],"curies":[{"name":"wp","href":"https:\/\/api.w.org\/{rel}","templated":true}]}}