{"id":2673,"date":"2019-02-21T10:48:33","date_gmt":"2019-02-21T09:48:33","guid":{"rendered":"http:\/\/agora.xtec.cat\/escferreriguardiagranollers\/?p=2673"},"modified":"2019-02-21T10:48:36","modified_gmt":"2019-02-21T09:48:36","slug":"els-meus-escrits-a-de-tapies","status":"publish","type":"post","link":"https:\/\/agora.xtec.cat\/escferreriguardiagranollers\/general\/els-meus-escrits-a-de-tapies\/","title":{"rendered":"ELS MEUS ESCRITS: A. de T\u00e0pies"},"content":{"rendered":"<p>El dijous, 7 de febrer, vam anar amb tot el grup, \u00a04t. de prim\u00e0ria, a fer una activitat, que es deia \u201cA. de T\u00e0pies\u201d. L\u2019artista protagonista es deia Antoni Tapies.<\/p>\n<p><strong><u>Voleu saber qu\u00e8 feia?<\/u><\/strong><\/p>\n<p>B\u00e9, ho explicar\u00e9. Antoni t\u00e0pies era m\u00e9s o menys com Joan Brossa, perqu\u00e8 tamb\u00e9 li agradava molt la lletra A, i feia moltes obres d\u2019art amb lletres, s\u00edmbols,&#8230;Nosaltres despr\u00e9s que ens expliquessin la seva vida i obra, vam fer la nostra pr\u00f2pia obra d\u2019art.<\/p>\n<p><strong><u>Voleu saber com la vaig fer?<\/u><\/strong><\/p>\n<p>B\u00e9, explicar\u00e9 com la vaig fer. Ens van col\u00b7locar en grups de 6 alumnes i, ens van posar a la taula el seg\u00fcent material:<\/p>\n<ul>\n<li>Filferro<\/li>\n<li>Cordill<\/li>\n<li>Cartr\u00f3<\/li>\n<li>Paper de diari<\/li>\n<\/ul>\n<p>Amb tot el material, m\u2019he posat mans a l\u2019obra. Ara, us explicar\u00e9 el procediment:<\/p>\n<ol>\n<li>Agafar una plataforma de cartr\u00f3 i ficar el teu nom.<\/li>\n<li>Agafar el material necessari.<\/li>\n<li>Escollir la lletra del teu nom.<\/li>\n<li>Muntar amb el material la lletra que has triat.<\/li>\n<li>Enganxar-la a la plataforma.<\/li>\n<li>I per finalitzar, pintar la plataforma.<\/li>\n<\/ol>\n<p>Aquests s\u00f3n els passos per fer la nostra obra d\u2019art.<\/p>\n<p><strong><u>Voleu veure el resultat?<\/u><\/strong><\/p>\n<p><a href=\"https:\/\/agora.xtec.cat\/escferreriguardiagranollers\/wp-content\/uploads\/usu988\/2019\/02\/P-tapies.jpg\"><img loading=\"lazy\" decoding=\"async\" class=\"alignleft wp-image-2674 size-medium\" src=\"https:\/\/agora.xtec.cat\/escferreriguardiagranollers\/wp-content\/uploads\/usu988\/2019\/02\/P-tapies-285x300.jpg\" alt=\"\" width=\"285\" height=\"300\" srcset=\"https:\/\/agora.xtec.cat\/escferreriguardiagranollers\/wp-content\/uploads\/usu988\/2019\/02\/P-tapies-285x300.jpg 285w, https:\/\/agora.xtec.cat\/escferreriguardiagranollers\/wp-content\/uploads\/usu988\/2019\/02\/P-tapies-768x808.jpg 768w, https:\/\/agora.xtec.cat\/escferreriguardiagranollers\/wp-content\/uploads\/usu988\/2019\/02\/P-tapies-973x1024.jpg 973w, https:\/\/agora.xtec.cat\/escferreriguardiagranollers\/wp-content\/uploads\/usu988\/2019\/02\/P-tapies.jpg 1108w\" sizes=\"auto, (max-width: 285px) 100vw, 285px\" \/><\/a><\/p>\n<p>&nbsp;<\/p>\n<p>&nbsp;<\/p>\n<p>&nbsp;<\/p>\n<p>&nbsp;<\/p>\n<p>&nbsp;<\/p>\n<p>&nbsp;<\/p>\n<p>&nbsp;<\/p>\n<p>&nbsp;<\/p>\n<p>Us agradat la meva obra d\u2019art?<\/p>\n<p>&nbsp;<\/p>\n<p>Paula Tiscar &#8211; 4t. de prim\u00e0ria<\/p>\n","protected":false},"excerpt":{"rendered":"<p>El dijous, 7 de febrer, vam anar amb tot el grup, \u00a04t. de prim\u00e0ria, a fer una activitat, que es deia \u201cA. de T\u00e0pies\u201d. L\u2019artista protagonista es deia Antoni Tapies.<br \/>\nVoleu saber qu\u00e8 feia?<br \/>\nB\u00e9, ho explicar\u00e9. Antoni t\u00e0pies era m\u00e9s o menys com Joan Brossa, perqu\u00e8&hellip;  <a href=\"https:\/\/agora.xtec.cat\/escferreriguardiagranollers\/general\/els-meus-escrits-a-de-tapies\/\" title=\"Read ELS MEUS ESCRITS: A. de T\u00e0pies\">Llegeix m\u00e9s\u00bb<\/a><\/p>\n","protected":false},"author":7,"featured_media":2675,"comment_status":"open","ping_status":"closed","sticky":false,"template":"","format":"standard","meta":{"_bbp_topic_count":0,"_bbp_reply_count":0,"_bbp_total_topic_count":0,"_bbp_total_reply_count":0,"_bbp_voice_count":0,"_bbp_anonymous_reply_count":0,"_bbp_topic_count_hidden":0,"_bbp_reply_count_hidden":0,"_bbp_forum_subforum_count":0,"footnotes":""},"categories":[1],"tags":[],"class_list":["post-2673","post","type-post","status-publish","format-standard","has-post-thumbnail","hentry","category-general"],"post_mailing_queue_ids":[],"_links":{"self":[{"href":"https:\/\/agora.xtec.cat\/escferreriguardiagranollers\/wp-json\/wp\/v2\/posts\/2673","targetHints":{"allow":["GET"]}}],"collection":[{"href":"https:\/\/agora.xtec.cat\/escferreriguardiagranollers\/wp-json\/wp\/v2\/posts"}],"about":[{"href":"https:\/\/agora.xtec.cat\/escferreriguardiagranollers\/wp-json\/wp\/v2\/types\/post"}],"author":[{"embeddable":true,"href":"https:\/\/agora.xtec.cat\/escferreriguardiagranollers\/wp-json\/wp\/v2\/users\/7"}],"replies":[{"embeddable":true,"href":"https:\/\/agora.xtec.cat\/escferreriguardiagranollers\/wp-json\/wp\/v2\/comments?post=2673"}],"version-history":[{"count":1,"href":"https:\/\/agora.xtec.cat\/escferreriguardiagranollers\/wp-json\/wp\/v2\/posts\/2673\/revisions"}],"predecessor-version":[{"id":2676,"href":"https:\/\/agora.xtec.cat\/escferreriguardiagranollers\/wp-json\/wp\/v2\/posts\/2673\/revisions\/2676"}],"wp:featuredmedia":[{"embeddable":true,"href":"https:\/\/agora.xtec.cat\/escferreriguardiagranollers\/wp-json\/wp\/v2\/media\/2675"}],"wp:attachment":[{"href":"https:\/\/agora.xtec.cat\/escferreriguardiagranollers\/wp-json\/wp\/v2\/media?parent=2673"}],"wp:term":[{"taxonomy":"category","embeddable":true,"href":"https:\/\/agora.xtec.cat\/escferreriguardiagranollers\/wp-json\/wp\/v2\/categories?post=2673"},{"taxonomy":"post_tag","embeddable":true,"href":"https:\/\/agora.xtec.cat\/escferreriguardiagranollers\/wp-json\/wp\/v2\/tags?post=2673"}],"curies":[{"name":"wp","href":"https:\/\/api.w.org\/{rel}","templated":true}]}}