{"id":2642,"date":"2019-02-13T21:20:27","date_gmt":"2019-02-13T20:20:27","guid":{"rendered":"http:\/\/agora.xtec.cat\/escferreriguardiagranollers\/?p=2642"},"modified":"2019-03-20T13:53:27","modified_gmt":"2019-03-20T12:53:27","slug":"portes-obertes-2019","status":"publish","type":"post","link":"https:\/\/agora.xtec.cat\/escferreriguardiagranollers\/general\/portes-obertes-2019\/","title":{"rendered":"PREINSCRIPCI\u00d3 2019"},"content":{"rendered":"<p><b>Us informem que el per\u00edode de preinscripci\u00f3 \u00e9s del 29 d&#8217;abril al 9 de mar\u00e7.<\/b><\/p>\n<p>Podeu trucar per tel\u00e8fon per demanar cita.<\/p>\n<p><a href=\"https:\/\/agora.xtec.cat\/escferreriguardiagranollers\/wp-content\/uploads\/usu988\/2019\/02\/promo1920_cara.jpg\"><img loading=\"lazy\" decoding=\"async\" class=\"alignnone size-large wp-image-2643\" src=\"https:\/\/agora.xtec.cat\/escferreriguardiagranollers\/wp-content\/uploads\/usu988\/2019\/02\/promo1920_cara-1024x730.jpg\" alt=\"\" width=\"1024\" height=\"730\" srcset=\"https:\/\/agora.xtec.cat\/escferreriguardiagranollers\/wp-content\/uploads\/usu988\/2019\/02\/promo1920_cara-1024x730.jpg 1024w, https:\/\/agora.xtec.cat\/escferreriguardiagranollers\/wp-content\/uploads\/usu988\/2019\/02\/promo1920_cara-300x214.jpg 300w, https:\/\/agora.xtec.cat\/escferreriguardiagranollers\/wp-content\/uploads\/usu988\/2019\/02\/promo1920_cara-768x548.jpg 768w, https:\/\/agora.xtec.cat\/escferreriguardiagranollers\/wp-content\/uploads\/usu988\/2019\/02\/promo1920_cara.jpg 1789w\" sizes=\"auto, (max-width: 1024px) 100vw, 1024px\" \/><\/a> <a href=\"https:\/\/agora.xtec.cat\/escferreriguardiagranollers\/wp-content\/uploads\/usu988\/2019\/02\/promo1920_dors.jpg\"><img loading=\"lazy\" decoding=\"async\" class=\"alignnone size-large wp-image-2644\" src=\"https:\/\/agora.xtec.cat\/escferreriguardiagranollers\/wp-content\/uploads\/usu988\/2019\/02\/promo1920_dors-1024x723.jpg\" alt=\"\" width=\"1024\" height=\"723\" srcset=\"https:\/\/agora.xtec.cat\/escferreriguardiagranollers\/wp-content\/uploads\/usu988\/2019\/02\/promo1920_dors-1024x723.jpg 1024w, https:\/\/agora.xtec.cat\/escferreriguardiagranollers\/wp-content\/uploads\/usu988\/2019\/02\/promo1920_dors-300x212.jpg 300w, https:\/\/agora.xtec.cat\/escferreriguardiagranollers\/wp-content\/uploads\/usu988\/2019\/02\/promo1920_dors-768x542.jpg 768w, https:\/\/agora.xtec.cat\/escferreriguardiagranollers\/wp-content\/uploads\/usu988\/2019\/02\/promo1920_dors.jpg 1757w\" sizes=\"auto, (max-width: 1024px) 100vw, 1024px\" \/><\/a><\/p>\n<p><strong><u>CALENDARI de la PREINSCRIPCI\u00d3 i la MATR\u00cdCULA\u00a0 \u00a0\u00a0<\/u><\/strong><strong>CURS 2019-2020<\/strong><\/p>\n<ul>\n<li>27 de mar\u00e7\u00a0\u00a0\u00a0\u00a0 \u00a0\u00a0\u00a0\u00a0\u00a0\u00a0\u00a0\u00a0\u00a0\u00a0\u00a0 \u00a0\u00a0\u00a0\u00a0\u00a0\u00a0\u00a0\u00a0\u00a0\u00a0\u00a0 Difusi\u00f3 de l\u2019oferta educativa dels centres.<\/li>\n<li><strong>29 mar\u00e7 al 9 d\u2019abril\u00a0 \u00a0\u00a0\u00a0\u00a0\u00a0\u00a0\u00a0\u00a0\u00a0\u00a0\u00a0 Presentaci\u00f3 de sol\u00b7licituds de preinscripci\u00f3.<\/strong><\/li>\n<\/ul>\n<ul>\n<li>26 d\u2019abril<strong>\u00a0\u00a0\u00a0\u00a0\u00a0\u00a0\u00a0\u00a0\u00a0\u00a0\u00a0\u00a0\u00a0\u00a0\u00a0\u00a0\u00a0\u00a0\u00a0\u00a0\u00a0\u00a0\u00a0\u00a0\u00a0\u00a0\u00a0\u00a0\u00a0\u00a0\u00a0 <\/strong>Publicaci\u00f3 de les llistes amb el barem provisional.<\/li>\n<\/ul>\n<ul>\n<li>29 d\u2019abril al 3 maig\u00a0\u00a0\u00a0\u00a0 <strong>\u00a0\u00a0\u00a0\u00a0\u00a0\u00a0\u00a0\u00a0\u00a0\u00a0\u00a0 <\/strong>Reclamacions.<\/li>\n<li>8 de maig \u00a0\u00a0\u00a0\u00a0\u00a0\u00a0\u00a0\u00a0\u00a0\u00a0\u00a0\u00a0\u00a0\u00a0\u00a0\u00a0\u00a0\u00a0\u00a0\u00a0\u00a0\u00a0\u00a0\u00a0\u00a0\u00a0\u00a0\u00a0\u00a0 Publicaci\u00f3 de les llistes amb el barem definitiu.<\/li>\n<li>9 de maig\u00a0\u00a0\u00a0\u00a0\u00a0\u00a0\u00a0\u00a0\u00a0\u00a0\u00a0\u00a0\u00a0\u00a0\u00a0\u00a0\u00a0\u00a0\u00a0\u00a0\u00a0\u00a0\u00a0\u00a0\u00a0\u00a0\u00a0\u00a0\u00a0\u00a0 Sorteig, si escau.<\/li>\n<li>11 de juny\u00a0\u00a0\u00a0\u00a0\u00a0\u00a0\u00a0\u00a0\u00a0\u00a0\u00a0\u00a0\u00a0\u00a0\u00a0\u00a0\u00a0\u00a0\u00a0\u00a0\u00a0\u00a0\u00a0\u00a0\u00a0\u00a0\u00a0\u00a0\u00a0 Publicaci\u00f3 definitiva de l\u2019oferta dels centres.<\/li>\n<li>12 de juny\u00a0\u00a0\u00a0\u00a0\u00a0\u00a0\u00a0\u00a0\u00a0\u00a0\u00a0\u00a0\u00a0\u00a0\u00a0\u00a0\u00a0\u00a0\u00a0\u00a0\u00a0\u00a0\u00a0\u00a0\u00a0\u00a0\u00a0\u00a0\u00a0 Publicaci\u00f3 de la llista d\u2019 admesos.<\/li>\n<li><strong>del 20 al 26 de juny\u00a0 \u00a0\u00a0\u00a0\u00a0\u00a0\u00a0\u00a0\u00a0\u00a0\u00a0\u00a0 Per\u00edode de matriculaci\u00f3.<\/strong><\/li>\n<\/ul>\n<p>&nbsp;<\/p>\n<p><strong><u>DOCUMENTACI\u00d3 per a la PREINSCRIPCI\u00d3\u00a0\u00a0<\/u><\/strong><strong>CURS 2019-2020<\/strong><\/p>\n<ul>\n<li><strong>Full de sol\u00b7licitud.<\/strong><\/li>\n<li><strong>Original i fotoc\u00f2pia del llibre de fam\u00edlia.<\/strong><\/li>\n<li><strong>Original i fotoc\u00f2pia del DNI del pare\/mare\/tutors, i del nen\/a si en t\u00e9.<\/strong><\/li>\n<li><strong>Original i fotoc\u00f2pia de la TSI (Tarja Sanit\u00e0ria).<\/strong><\/li>\n<li>Original i fotoc\u00f2pia del carnet de vacunaci\u00f3.<\/li>\n<li>4 fotografies<\/li>\n<\/ul>\n<p>&nbsp;<\/p>\n<p><strong>SI CAL&#8230;<\/strong><\/p>\n<ul>\n<li><u>Certificat municipal de conviv\u00e8ncia i resguard de la renovaci\u00f3 del DNI<\/u>, sempre que el domicili que s\u2019al\u00b7lega no coincideixi amb el del DNI.<\/li>\n<li>Documentaci\u00f3 acreditativa del lloc de treball, si aquest s\u2019al\u00b7lega.<\/li>\n<li>Documentaci\u00f3 acreditativa de les circumst\u00e0ncies econ\u00f2miques, si s\u2019al\u00b7leguen.<\/li>\n<li>Original i fotoc\u00f2pia del certificat de disminuci\u00f3, si s\u2019al\u00b7lega.<\/li>\n<li>Original i fotoc\u00f2pia del carnet de Fam\u00edlia nombrosa o monoparental, si s\u2019al\u00b7lega.<\/li>\n<\/ul>\n<p><strong>Recomanem consultar les publicacions del Departament d\u2019Educaci\u00f3 i tota la informaci\u00f3 relacionada al web:<\/strong><\/p>\n<p><a href=\"http:\/\/queestudiar.gencat.cat\/ca\/preinscripcio\/info-general\/\">http:\/\/queestudiar.gencat.cat\/ca\/preinscripcio\/info-general\/<\/a><\/p>\n","protected":false},"excerpt":{"rendered":"<p>Us informem que el per\u00edode de preinscripci\u00f3 \u00e9s del 29 d&#8217;abril al 9 de mar\u00e7.<br \/>\nPodeu trucar per tel\u00e8fon per demanar cita.<br \/>\n<a href=\"https:\/\/agora.xtec.cat\/escferreriguardiagranollers\/wp-content\/uploads\/usu988\/2019\/02\/promo1920_cara.jpg\"><\/a> <a href=\"https:\/\/agora.xtec.cat\/escferreriguardiagranollers\/wp-content\/uploads\/usu988\/2019\/02\/promo1920_dors.jpg\"><\/a><br \/>\nCALENDARI de la PREINSCRIPCI\u00d3 i la MATR\u00cdCULA\u00a0 \u00a0\u00a0CURS 2019-2020<\/p>\n<ul>\n<li>27 de mar\u00e7\u00a0\u00a0\u00a0\u00a0 \u00a0\u00a0\u00a0\u00a0\u00a0\u00a0\u00a0\u00a0\u00a0\u00a0\u00a0 \u00a0\u00a0\u00a0\u00a0\u00a0\u00a0\u00a0\u00a0\u00a0\u00a0\u00a0 Difusi\u00f3 de l\u2019oferta educativa dels centres.<\/li>\n<li>29 mar\u00e7 al 9&hellip;  <a href=\"https:\/\/agora.xtec.cat\/escferreriguardiagranollers\/general\/portes-obertes-2019\/\" title=\"Read PREINSCRIPCI\u00d3 2019\">Llegeix m\u00e9s\u00bb<\/a><br \/>\n","protected":false},"author":1,"featured_media":0,"comment_status":"open","ping_status":"closed","sticky":false,"template":"","format":"standard","meta":{"_bbp_topic_count":0,"_bbp_reply_count":0,"_bbp_total_topic_count":0,"_bbp_total_reply_count":0,"_bbp_voice_count":0,"_bbp_anonymous_reply_count":0,"_bbp_topic_count_hidden":0,"_bbp_reply_count_hidden":0,"_bbp_forum_subforum_count":0,"footnotes":""},"categories":[1,4],"tags":[],"class_list":["post-2642","post","type-post","status-publish","format-standard","hentry","category-general","category-portada"],"post_mailing_queue_ids":[],"_links":{"self":[{"href":"https:\/\/agora.xtec.cat\/escferreriguardiagranollers\/wp-json\/wp\/v2\/posts\/2642","targetHints":{"allow":["GET"]}}],"collection":[{"href":"https:\/\/agora.xtec.cat\/escferreriguardiagranollers\/wp-json\/wp\/v2\/posts"}],"about":[{"href":"https:\/\/agora.xtec.cat\/escferreriguardiagranollers\/wp-json\/wp\/v2\/types\/post"}],"author":[{"embeddable":true,"href":"https:\/\/agora.xtec.cat\/escferreriguardiagranollers\/wp-json\/wp\/v2\/users\/1"}],"replies":[{"embeddable":true,"href":"https:\/\/agora.xtec.cat\/escferreriguardiagranollers\/wp-json\/wp\/v2\/comments?post=2642"}],"version-history":[{"count":3,"href":"https:\/\/agora.xtec.cat\/escferreriguardiagranollers\/wp-json\/wp\/v2\/posts\/2642\/revisions"}],"predecessor-version":[{"id":2723,"href":"https:\/\/agora.xtec.cat\/escferreriguardiagranollers\/wp-json\/wp\/v2\/posts\/2642\/revisions\/2723"}],"wp:attachment":[{"href":"https:\/\/agora.xtec.cat\/escferreriguardiagranollers\/wp-json\/wp\/v2\/media?parent=2642"}],"wp:term":[{"taxonomy":"category","embeddable":true,"href":"https:\/\/agora.xtec.cat\/escferreriguardiagranollers\/wp-json\/wp\/v2\/categories?post=2642"},{"taxonomy":"post_tag","embeddable":true,"href":"https:\/\/agora.xtec.cat\/escferreriguardiagranollers\/wp-json\/wp\/v2\/tags?post=2642"}],"curies":[{"name":"wp","href":"https:\/\/api.w.org\/{rel}","templated":true}]}}