{"id":2614,"date":"2019-01-29T13:31:42","date_gmt":"2019-01-29T12:31:42","guid":{"rendered":"http:\/\/agora.xtec.cat\/escferreriguardiagranollers\/?p=2614"},"modified":"2019-02-07T19:15:42","modified_gmt":"2019-02-07T18:15:42","slug":"projecte-granollers","status":"publish","type":"post","link":"https:\/\/agora.xtec.cat\/escferreriguardiagranollers\/general\/projecte-granollers\/","title":{"rendered":"Projecte Granollers"},"content":{"rendered":"<p>Durant el primer trimestre hem estat treballant el projecte &#8220;<strong>Coneguem Granollers<\/strong>&#8220;.<\/p>\n<p>Com a cloenda, hem elaborat un mural fotogr\u00e0fic que recull els indrets i les caracter\u00edstiques m\u00e9s importants de la nostra ciutat.<\/p>\n<p><a href=\"https:\/\/agora.xtec.cat\/escferreriguardiagranollers\/wp-content\/uploads\/usu988\/2019\/01\/IMG_20190129_125517_2.jpg\"><img loading=\"lazy\" decoding=\"async\" class=\"alignnone wp-image-2615 size-medium\" src=\"https:\/\/agora.xtec.cat\/escferreriguardiagranollers\/wp-content\/uploads\/usu988\/2019\/01\/IMG_20190129_125517_2-300x225.jpg\" alt=\"\" width=\"300\" height=\"225\" srcset=\"https:\/\/agora.xtec.cat\/escferreriguardiagranollers\/wp-content\/uploads\/usu988\/2019\/01\/IMG_20190129_125517_2-300x225.jpg 300w, https:\/\/agora.xtec.cat\/escferreriguardiagranollers\/wp-content\/uploads\/usu988\/2019\/01\/IMG_20190129_125517_2-768x576.jpg 768w, https:\/\/agora.xtec.cat\/escferreriguardiagranollers\/wp-content\/uploads\/usu988\/2019\/01\/IMG_20190129_125517_2-1024x768.jpg 1024w, https:\/\/agora.xtec.cat\/escferreriguardiagranollers\/wp-content\/uploads\/usu988\/2019\/01\/IMG_20190129_125517_2-200x150.jpg 200w\" sizes=\"auto, (max-width: 300px) 100vw, 300px\" \/><\/a><\/p>\n","protected":false},"excerpt":{"rendered":"<p>Durant el primer trimestre hem estat treballant el projecte &#8220;Coneguem Granollers&#8220;.<br \/>\nCom a cloenda, hem elaborat un mural fotogr\u00e0fic que recull els indrets i les caracter\u00edstiques m\u00e9s importants de la nostra ciutat.<br \/>\n<a href=\"https:\/\/agora.xtec.cat\/escferreriguardiagranollers\/wp-content\/uploads\/usu988\/2019\/01\/IMG_20190129_125517_2.jpg\"><\/a><\/p>\n","protected":false},"author":7,"featured_media":2618,"comment_status":"open","ping_status":"closed","sticky":false,"template":"","format":"standard","meta":{"_bbp_topic_count":0,"_bbp_reply_count":0,"_bbp_total_topic_count":0,"_bbp_total_reply_count":0,"_bbp_voice_count":0,"_bbp_anonymous_reply_count":0,"_bbp_topic_count_hidden":0,"_bbp_reply_count_hidden":0,"_bbp_forum_subforum_count":0,"footnotes":""},"categories":[1],"tags":[],"class_list":["post-2614","post","type-post","status-publish","format-standard","has-post-thumbnail","hentry","category-general"],"post_mailing_queue_ids":[],"_links":{"self":[{"href":"https:\/\/agora.xtec.cat\/escferreriguardiagranollers\/wp-json\/wp\/v2\/posts\/2614","targetHints":{"allow":["GET"]}}],"collection":[{"href":"https:\/\/agora.xtec.cat\/escferreriguardiagranollers\/wp-json\/wp\/v2\/posts"}],"about":[{"href":"https:\/\/agora.xtec.cat\/escferreriguardiagranollers\/wp-json\/wp\/v2\/types\/post"}],"author":[{"embeddable":true,"href":"https:\/\/agora.xtec.cat\/escferreriguardiagranollers\/wp-json\/wp\/v2\/users\/7"}],"replies":[{"embeddable":true,"href":"https:\/\/agora.xtec.cat\/escferreriguardiagranollers\/wp-json\/wp\/v2\/comments?post=2614"}],"version-history":[{"count":3,"href":"https:\/\/agora.xtec.cat\/escferreriguardiagranollers\/wp-json\/wp\/v2\/posts\/2614\/revisions"}],"predecessor-version":[{"id":2625,"href":"https:\/\/agora.xtec.cat\/escferreriguardiagranollers\/wp-json\/wp\/v2\/posts\/2614\/revisions\/2625"}],"wp:featuredmedia":[{"embeddable":true,"href":"https:\/\/agora.xtec.cat\/escferreriguardiagranollers\/wp-json\/wp\/v2\/media\/2618"}],"wp:attachment":[{"href":"https:\/\/agora.xtec.cat\/escferreriguardiagranollers\/wp-json\/wp\/v2\/media?parent=2614"}],"wp:term":[{"taxonomy":"category","embeddable":true,"href":"https:\/\/agora.xtec.cat\/escferreriguardiagranollers\/wp-json\/wp\/v2\/categories?post=2614"},{"taxonomy":"post_tag","embeddable":true,"href":"https:\/\/agora.xtec.cat\/escferreriguardiagranollers\/wp-json\/wp\/v2\/tags?post=2614"}],"curies":[{"name":"wp","href":"https:\/\/api.w.org\/{rel}","templated":true}]}}