{"id":2345,"date":"2018-06-14T23:01:59","date_gmt":"2018-06-14T21:01:59","guid":{"rendered":"http:\/\/agora.xtec.cat\/escferreriguardiagranollers\/?p=2345"},"modified":"2018-06-14T23:11:12","modified_gmt":"2018-06-14T21:11:12","slug":"somradio","status":"publish","type":"post","link":"https:\/\/agora.xtec.cat\/escferreriguardiagranollers\/primaria\/5e-i-6e\/somradio\/","title":{"rendered":"somR\u00e0dio"},"content":{"rendered":"<p><span style=\"color: #000000;\"><span style=\"font-family: Arial, sans-serif;\"><span style=\"font-size: medium;\">La setmana passada els alumnes de 6\u00e8 van anar a R\u00e0dio Granollers a enregistrar el programa de r\u00e0dio d&#8217;enguany. Si no el vareu escoltar el dia de la seva emissi\u00f3, ho podeu fer ara&#8230;<\/span><\/span><\/span><\/p>\n<p>Esperem que us agradi !<\/p>\n<p><span style=\"color: #000000;\"><span style=\"font-family: Arial, sans-serif;\"><span style=\"font-size: medium;\"><a href=\"http:\/\/www.gasl.cat\/GASL\/DetallPrograma\/_7hnsAmuDYQbE4WxWECxuaRh1ClTHFuDfjQHFtgnlylY\">http:\/\/www.gasl.cat\/GASL\/DetallPrograma\/_7hnsAmuDYQbE4WxWECxuaRh1ClTHFuDfjQHFtgnlylY<\/a><\/span><\/span><\/span><\/p>\n<p>&nbsp;<\/p>\n","protected":false},"excerpt":{"rendered":"<p>La setmana passada els alumnes de 6\u00e8 van anar a R\u00e0dio Granollers a enregistrar el programa de r\u00e0dio d&#8217;enguany. Si no el vareu escoltar el dia de la seva emissi\u00f3, ho podeu fer ara&#8230;<br \/>\nEsperem que us agradi !<br \/>\n<a href=\"http:\/\/www.gasl.cat\/GASL\/DetallPrograma\/_7hnsAmuDYQbE4WxWECxuaRh1ClTHFuDfjQHFtgnlylY\">http:\/\/www.gasl.cat\/GASL\/DetallPrograma\/_7hnsAmuDYQbE4WxWECxuaRh1ClTHFuDfjQHFtgnlylY<\/a><br \/>\n&nbsp;<\/p>\n","protected":false},"author":8,"featured_media":2346,"comment_status":"open","ping_status":"closed","sticky":false,"template":"","format":"standard","meta":{"_bbp_topic_count":0,"_bbp_reply_count":0,"_bbp_total_topic_count":0,"_bbp_total_reply_count":0,"_bbp_voice_count":0,"_bbp_anonymous_reply_count":0,"_bbp_topic_count_hidden":0,"_bbp_reply_count_hidden":0,"_bbp_forum_subforum_count":0,"footnotes":""},"categories":[12,37],"tags":[],"class_list":["post-2345","post","type-post","status-publish","format-standard","has-post-thumbnail","hentry","category-5e-i-6e","category-fem-radio"],"post_mailing_queue_ids":[],"_links":{"self":[{"href":"https:\/\/agora.xtec.cat\/escferreriguardiagranollers\/wp-json\/wp\/v2\/posts\/2345","targetHints":{"allow":["GET"]}}],"collection":[{"href":"https:\/\/agora.xtec.cat\/escferreriguardiagranollers\/wp-json\/wp\/v2\/posts"}],"about":[{"href":"https:\/\/agora.xtec.cat\/escferreriguardiagranollers\/wp-json\/wp\/v2\/types\/post"}],"author":[{"embeddable":true,"href":"https:\/\/agora.xtec.cat\/escferreriguardiagranollers\/wp-json\/wp\/v2\/users\/8"}],"replies":[{"embeddable":true,"href":"https:\/\/agora.xtec.cat\/escferreriguardiagranollers\/wp-json\/wp\/v2\/comments?post=2345"}],"version-history":[{"count":3,"href":"https:\/\/agora.xtec.cat\/escferreriguardiagranollers\/wp-json\/wp\/v2\/posts\/2345\/revisions"}],"predecessor-version":[{"id":2350,"href":"https:\/\/agora.xtec.cat\/escferreriguardiagranollers\/wp-json\/wp\/v2\/posts\/2345\/revisions\/2350"}],"wp:featuredmedia":[{"embeddable":true,"href":"https:\/\/agora.xtec.cat\/escferreriguardiagranollers\/wp-json\/wp\/v2\/media\/2346"}],"wp:attachment":[{"href":"https:\/\/agora.xtec.cat\/escferreriguardiagranollers\/wp-json\/wp\/v2\/media?parent=2345"}],"wp:term":[{"taxonomy":"category","embeddable":true,"href":"https:\/\/agora.xtec.cat\/escferreriguardiagranollers\/wp-json\/wp\/v2\/categories?post=2345"},{"taxonomy":"post_tag","embeddable":true,"href":"https:\/\/agora.xtec.cat\/escferreriguardiagranollers\/wp-json\/wp\/v2\/tags?post=2345"}],"curies":[{"name":"wp","href":"https:\/\/api.w.org\/{rel}","templated":true}]}}