{"id":2259,"date":"2018-04-08T18:55:27","date_gmt":"2018-04-08T16:55:27","guid":{"rendered":"http:\/\/agora.xtec.cat\/escferreriguardiagranollers\/?p=2259"},"modified":"2018-04-08T18:56:06","modified_gmt":"2018-04-08T16:56:06","slug":"sortida-a-la-granja-2","status":"publish","type":"post","link":"https:\/\/agora.xtec.cat\/escferreriguardiagranollers\/infantil\/p3\/sortida-a-la-granja-2\/","title":{"rendered":"Sortida a la Granja"},"content":{"rendered":"<p>Els nens i nenes de P3 vam fer una sortida a l&#8217;Aula d&#8217;entorn rural de Palaud\u00e0ries. All\u00e0 vam gaudir d&#8217;un dia ple d&#8217;emocions!! vam pujar en poni, donar de menjar a les vaques, tamb\u00e9 vam mu\u00f1ir una, vam\u00a0 tocar pollets petitons, vam donar el biber\u00f3 a uns xaiets i moltes m\u00e9s experi\u00e8ncies que van fer que f\u00f2s un dia molt especial!<\/p>\n<p>&nbsp;<\/p>\n<p><a href=\"http:\/\/agora.xtec.cat\/escferreriguardiagranollers\/wp-content\/uploads\/usu988\/2018\/04\/IMG-20180313-WA0009-COLLAGE.jpg\"><img loading=\"lazy\" decoding=\"async\" class=\"wp-image-2260 aligncenter\" src=\"http:\/\/agora.xtec.cat\/escferreriguardiagranollers\/wp-content\/uploads\/usu988\/2018\/04\/IMG-20180313-WA0009-COLLAGE-768x1024.jpg\" alt=\"\" width=\"533\" height=\"711\" srcset=\"https:\/\/agora.xtec.cat\/escferreriguardiagranollers\/wp-content\/uploads\/usu988\/2018\/04\/IMG-20180313-WA0009-COLLAGE-768x1024.jpg 768w, https:\/\/agora.xtec.cat\/escferreriguardiagranollers\/wp-content\/uploads\/usu988\/2018\/04\/IMG-20180313-WA0009-COLLAGE-225x300.jpg 225w, https:\/\/agora.xtec.cat\/escferreriguardiagranollers\/wp-content\/uploads\/usu988\/2018\/04\/IMG-20180313-WA0009-COLLAGE.jpg 1535w\" sizes=\"auto, (max-width: 533px) 100vw, 533px\" \/><\/a><\/p>\n","protected":false},"excerpt":{"rendered":"<p>Els nens i nenes de P3 vam fer una sortida a l&#8217;Aula d&#8217;entorn rural de Palaud\u00e0ries. All\u00e0 vam gaudir d&#8217;un dia ple d&#8217;emocions!! vam pujar en poni, donar de menjar a les vaques, tamb\u00e9 vam mu\u00f1ir una, vam\u00a0 tocar pollets petitons, vam donar el biber\u00f3&hellip;  <a href=\"https:\/\/agora.xtec.cat\/escferreriguardiagranollers\/infantil\/p3\/sortida-a-la-granja-2\/\" title=\"Read Sortida a la Granja\">Llegeix m\u00e9s\u00bb<\/a><\/p>\n","protected":false},"author":5,"featured_media":0,"comment_status":"open","ping_status":"closed","sticky":false,"template":"","format":"standard","meta":{"_bbp_topic_count":0,"_bbp_reply_count":0,"_bbp_total_topic_count":0,"_bbp_total_reply_count":0,"_bbp_voice_count":0,"_bbp_anonymous_reply_count":0,"_bbp_topic_count_hidden":0,"_bbp_reply_count_hidden":0,"_bbp_forum_subforum_count":0,"footnotes":""},"categories":[3],"tags":[],"class_list":["post-2259","post","type-post","status-publish","format-standard","hentry","category-p3"],"post_mailing_queue_ids":[],"_links":{"self":[{"href":"https:\/\/agora.xtec.cat\/escferreriguardiagranollers\/wp-json\/wp\/v2\/posts\/2259","targetHints":{"allow":["GET"]}}],"collection":[{"href":"https:\/\/agora.xtec.cat\/escferreriguardiagranollers\/wp-json\/wp\/v2\/posts"}],"about":[{"href":"https:\/\/agora.xtec.cat\/escferreriguardiagranollers\/wp-json\/wp\/v2\/types\/post"}],"author":[{"embeddable":true,"href":"https:\/\/agora.xtec.cat\/escferreriguardiagranollers\/wp-json\/wp\/v2\/users\/5"}],"replies":[{"embeddable":true,"href":"https:\/\/agora.xtec.cat\/escferreriguardiagranollers\/wp-json\/wp\/v2\/comments?post=2259"}],"version-history":[{"count":2,"href":"https:\/\/agora.xtec.cat\/escferreriguardiagranollers\/wp-json\/wp\/v2\/posts\/2259\/revisions"}],"predecessor-version":[{"id":2262,"href":"https:\/\/agora.xtec.cat\/escferreriguardiagranollers\/wp-json\/wp\/v2\/posts\/2259\/revisions\/2262"}],"wp:attachment":[{"href":"https:\/\/agora.xtec.cat\/escferreriguardiagranollers\/wp-json\/wp\/v2\/media?parent=2259"}],"wp:term":[{"taxonomy":"category","embeddable":true,"href":"https:\/\/agora.xtec.cat\/escferreriguardiagranollers\/wp-json\/wp\/v2\/categories?post=2259"},{"taxonomy":"post_tag","embeddable":true,"href":"https:\/\/agora.xtec.cat\/escferreriguardiagranollers\/wp-json\/wp\/v2\/tags?post=2259"}],"curies":[{"name":"wp","href":"https:\/\/api.w.org\/{rel}","templated":true}]}}