{"id":2186,"date":"2018-03-04T21:05:41","date_gmt":"2018-03-04T20:05:41","guid":{"rendered":"http:\/\/agora.xtec.cat\/escferreriguardiagranollers\/?p=2186"},"modified":"2018-03-04T21:27:27","modified_gmt":"2018-03-04T20:27:27","slug":"marc2018","status":"publish","type":"post","link":"https:\/\/agora.xtec.cat\/escferreriguardiagranollers\/general\/marc2018\/","title":{"rendered":"MAR\u00c7&#8217;2018"},"content":{"rendered":"<table style=\"width: 539px;\">\n<tbody>\n<tr>\n<td style=\"width: 533px;\"><strong>\u00a0Del 5 al 16 de mar\u00e7<\/strong>, els alumnes de 3r.\u00a0 realitzaran la Prova d&#8217;Avaluaci\u00f3 Diagn\u00f2stica que avalua l&#8217;assoliment de la compet\u00e8ncia ling\u00fc\u00edstica i matem\u00e0tica.<br \/>\n<a href=\"http:\/\/agora.xtec.cat\/escferreriguardiagranollers\/wp-content\/uploads\/usu988\/2018\/03\/BANNER_400x110-DIAGNOSTICA.jpg\"><img loading=\"lazy\" decoding=\"async\" class=\"wp-image-2187 size-full alignleft\" src=\"http:\/\/agora.xtec.cat\/escferreriguardiagranollers\/wp-content\/uploads\/usu988\/2018\/03\/BANNER_400x110-DIAGNOSTICA.jpg\" alt=\"\" width=\"400\" height=\"110\" srcset=\"https:\/\/agora.xtec.cat\/escferreriguardiagranollers\/wp-content\/uploads\/usu988\/2018\/03\/BANNER_400x110-DIAGNOSTICA.jpg 400w, https:\/\/agora.xtec.cat\/escferreriguardiagranollers\/wp-content\/uploads\/usu988\/2018\/03\/BANNER_400x110-DIAGNOSTICA-300x83.jpg 300w\" sizes=\"auto, (max-width: 400px) 100vw, 400px\" \/><\/a><\/td>\n<\/tr>\n<tr>\n<td style=\"width: 533px;\"><strong>Dijous, 15 de mar\u00e7<\/strong><\/p>\n<p>Els alumnes de 3r i 4t de prim\u00e0ria anirem al Centre Cultural a veure el teatre en angl\u00e8s <strong>&#8220;The princess and the pea&#8221;<\/strong>.\u00a0Cia. Festuc Teatre<\/p>\n<p><a href=\"http:\/\/agora.xtec.cat\/escferreriguardiagranollers\/wp-content\/uploads\/usu988\/2018\/03\/princess.jpg\"><img loading=\"lazy\" decoding=\"async\" class=\"aligncenter wp-image-2189 size-thumbnail\" src=\"http:\/\/agora.xtec.cat\/escferreriguardiagranollers\/wp-content\/uploads\/usu988\/2018\/03\/princess-150x150.jpg\" alt=\"\" width=\"150\" height=\"150\" \/><\/a><\/td>\n<\/tr>\n<tr>\n<td style=\"width: 533px;\"><strong>Dimarts, 20 de mar\u00e7<\/strong><\/p>\n<p><a href=\"http:\/\/agora.xtec.cat\/escferreriguardiagranollers\/wp-content\/uploads\/usu988\/2017\/03\/baixa-1.png\"><img loading=\"lazy\" decoding=\"async\" class=\"aligncenter wp-image-1492 size-medium\" src=\"http:\/\/agora.xtec.cat\/escferreriguardiagranollers\/wp-content\/uploads\/usu988\/2017\/03\/baixa-1-300x80.png\" alt=\"\" width=\"300\" height=\"80\" srcset=\"https:\/\/agora.xtec.cat\/escferreriguardiagranollers\/wp-content\/uploads\/usu988\/2017\/03\/baixa-1-300x80.png 300w, https:\/\/agora.xtec.cat\/escferreriguardiagranollers\/wp-content\/uploads\/usu988\/2017\/03\/baixa-1.png 435w\" sizes=\"auto, (max-width: 300px) 100vw, 300px\" \/><\/a><\/p>\n<p>Els alumnes de 4t.\u00a0 de prim\u00e0ria representaren l&#8217;obra de teatre &#8220;<strong>The crazy story<\/strong>&#8220;.<\/td>\n<\/tr>\n<tr>\n<td style=\"width: 533px;\"><strong>Divendres, 23 de mar\u00e7<\/strong><\/p>\n<p>Els alumnes de 3r\u00a0 de prim\u00e0ria anirem a la Biblioreca Roca Umbert a fer l&#8217;activitat:\u00a0\u00a0<strong>&#8220;La maleta de l&#8217;Ottolina. Rutes lectores&#8221;<\/strong>.<\/p>\n<p><a href=\"http:\/\/agora.xtec.cat\/escferreriguardiagranollers\/wp-content\/uploads\/usu988\/2018\/03\/ottolina.jpg\"><img loading=\"lazy\" decoding=\"async\" class=\"aligncenter wp-image-2188 size-medium\" src=\"http:\/\/agora.xtec.cat\/escferreriguardiagranollers\/wp-content\/uploads\/usu988\/2018\/03\/ottolina-300x212.jpg\" alt=\"\" width=\"300\" height=\"212\" srcset=\"https:\/\/agora.xtec.cat\/escferreriguardiagranollers\/wp-content\/uploads\/usu988\/2018\/03\/ottolina-300x212.jpg 300w, https:\/\/agora.xtec.cat\/escferreriguardiagranollers\/wp-content\/uploads\/usu988\/2018\/03\/ottolina-768x543.jpg 768w, https:\/\/agora.xtec.cat\/escferreriguardiagranollers\/wp-content\/uploads\/usu988\/2018\/03\/ottolina-1024x724.jpg 1024w, https:\/\/agora.xtec.cat\/escferreriguardiagranollers\/wp-content\/uploads\/usu988\/2018\/03\/ottolina.jpg 1181w\" sizes=\"auto, (max-width: 300px) 100vw, 300px\" \/><\/a><\/p>\n<div class=\"post-content\"><\/div>\n<\/td>\n<\/tr>\n<\/tbody>\n<\/table>\n","protected":false},"excerpt":{"rendered":"<p>Activitats que farem els alumnes de cicle mitj\u00e0 al llarg d&#8217;aquest mes.&hellip;  <a href=\"https:\/\/agora.xtec.cat\/escferreriguardiagranollers\/general\/marc2018\/\" title=\"Read MAR\u00c7&#8217;2018\">Llegeix m\u00e9s\u00bb<\/a><\/p>\n","protected":false},"author":7,"featured_media":1413,"comment_status":"open","ping_status":"closed","sticky":false,"template":"","format":"standard","meta":{"_bbp_topic_count":0,"_bbp_reply_count":0,"_bbp_total_topic_count":0,"_bbp_total_reply_count":0,"_bbp_voice_count":0,"_bbp_anonymous_reply_count":0,"_bbp_topic_count_hidden":0,"_bbp_reply_count_hidden":0,"_bbp_forum_subforum_count":0,"footnotes":""},"categories":[1],"tags":[],"class_list":["post-2186","post","type-post","status-publish","format-standard","has-post-thumbnail","hentry","category-general"],"post_mailing_queue_ids":[],"_links":{"self":[{"href":"https:\/\/agora.xtec.cat\/escferreriguardiagranollers\/wp-json\/wp\/v2\/posts\/2186","targetHints":{"allow":["GET"]}}],"collection":[{"href":"https:\/\/agora.xtec.cat\/escferreriguardiagranollers\/wp-json\/wp\/v2\/posts"}],"about":[{"href":"https:\/\/agora.xtec.cat\/escferreriguardiagranollers\/wp-json\/wp\/v2\/types\/post"}],"author":[{"embeddable":true,"href":"https:\/\/agora.xtec.cat\/escferreriguardiagranollers\/wp-json\/wp\/v2\/users\/7"}],"replies":[{"embeddable":true,"href":"https:\/\/agora.xtec.cat\/escferreriguardiagranollers\/wp-json\/wp\/v2\/comments?post=2186"}],"version-history":[{"count":4,"href":"https:\/\/agora.xtec.cat\/escferreriguardiagranollers\/wp-json\/wp\/v2\/posts\/2186\/revisions"}],"predecessor-version":[{"id":2199,"href":"https:\/\/agora.xtec.cat\/escferreriguardiagranollers\/wp-json\/wp\/v2\/posts\/2186\/revisions\/2199"}],"wp:featuredmedia":[{"embeddable":true,"href":"https:\/\/agora.xtec.cat\/escferreriguardiagranollers\/wp-json\/wp\/v2\/media\/1413"}],"wp:attachment":[{"href":"https:\/\/agora.xtec.cat\/escferreriguardiagranollers\/wp-json\/wp\/v2\/media?parent=2186"}],"wp:term":[{"taxonomy":"category","embeddable":true,"href":"https:\/\/agora.xtec.cat\/escferreriguardiagranollers\/wp-json\/wp\/v2\/categories?post=2186"},{"taxonomy":"post_tag","embeddable":true,"href":"https:\/\/agora.xtec.cat\/escferreriguardiagranollers\/wp-json\/wp\/v2\/tags?post=2186"}],"curies":[{"name":"wp","href":"https:\/\/api.w.org\/{rel}","templated":true}]}}