{"id":2152,"date":"2018-02-20T22:29:16","date_gmt":"2018-02-20T21:29:16","guid":{"rendered":"http:\/\/agora.xtec.cat\/escferreriguardiagranollers\/?p=2152"},"modified":"2018-04-11T12:27:49","modified_gmt":"2018-04-11T10:27:49","slug":"portes-obertes-2","status":"publish","type":"post","link":"https:\/\/agora.xtec.cat\/escferreriguardiagranollers\/general\/portes-obertes-2\/","title":{"rendered":"PREINSCRIPCI\u00d3 2018-2019"},"content":{"rendered":"<p><a href=\"http:\/\/agora.xtec.cat\/escferreriguardiagranollers\/wp-content\/uploads\/usu988\/2018\/02\/d\u00edptic-definitiu-1.jpg\"><img loading=\"lazy\" decoding=\"async\" class=\"alignnone size-large wp-image-2202\" src=\"http:\/\/agora.xtec.cat\/escferreriguardiagranollers\/wp-content\/uploads\/usu988\/2018\/02\/d\u00edptic-definitiu-1-1024x724.jpg\" alt=\"\" width=\"1024\" height=\"724\" srcset=\"https:\/\/agora.xtec.cat\/escferreriguardiagranollers\/wp-content\/uploads\/usu988\/2018\/02\/d\u00edptic-definitiu-1-1024x724.jpg 1024w, https:\/\/agora.xtec.cat\/escferreriguardiagranollers\/wp-content\/uploads\/usu988\/2018\/02\/d\u00edptic-definitiu-1-300x212.jpg 300w, https:\/\/agora.xtec.cat\/escferreriguardiagranollers\/wp-content\/uploads\/usu988\/2018\/02\/d\u00edptic-definitiu-1-768x543.jpg 768w, https:\/\/agora.xtec.cat\/escferreriguardiagranollers\/wp-content\/uploads\/usu988\/2018\/02\/d\u00edptic-definitiu-1.jpg 1754w\" sizes=\"auto, (max-width: 1024px) 100vw, 1024px\" \/><\/a><a href=\"http:\/\/agora.xtec.cat\/escferreriguardiagranollers\/wp-content\/uploads\/usu988\/2018\/02\/d\u00edptic-definitiu-2.jpg\"><img loading=\"lazy\" decoding=\"async\" class=\"alignnone size-large wp-image-2203\" src=\"http:\/\/agora.xtec.cat\/escferreriguardiagranollers\/wp-content\/uploads\/usu988\/2018\/02\/d\u00edptic-definitiu-2-1024x724.jpg\" alt=\"\" width=\"1024\" height=\"724\" srcset=\"https:\/\/agora.xtec.cat\/escferreriguardiagranollers\/wp-content\/uploads\/usu988\/2018\/02\/d\u00edptic-definitiu-2-1024x724.jpg 1024w, https:\/\/agora.xtec.cat\/escferreriguardiagranollers\/wp-content\/uploads\/usu988\/2018\/02\/d\u00edptic-definitiu-2-300x212.jpg 300w, https:\/\/agora.xtec.cat\/escferreriguardiagranollers\/wp-content\/uploads\/usu988\/2018\/02\/d\u00edptic-definitiu-2-768x543.jpg 768w, https:\/\/agora.xtec.cat\/escferreriguardiagranollers\/wp-content\/uploads\/usu988\/2018\/02\/d\u00edptic-definitiu-2.jpg 1754w\" sizes=\"auto, (max-width: 1024px) 100vw, 1024px\" \/><\/a><a href=\"http:\/\/agora.xtec.cat\/escferreriguardiagranollers\/wp-content\/uploads\/usu988\/2018\/02\/promo1819_imprimir-2.pdf\">D\u00cdPTIC PORTES OBERTES<\/a><\/p>\n<p>A m\u00e9s, l&#8217;escola disposa de:<\/p>\n<ul>\n<li><strong>Servei de menjador.<\/strong> El preu aproximat \u00e9s de:<\/li>\n<\/ul>\n<p>6,60 euros per als alumnes fixos<\/p>\n<p>7,20 euros per als alumnes espor\u00e0dics<\/p>\n<p><strong>L&#8217;empresa de menjador, TresMes EcoActiva, ofereix men\u00fas especials per alumnes que tinguin un diagn\u00f2stic m\u00e8dic d&#8217;alguna malaltia cr\u00f2nica que afecti al sistema digestiu, endocr\u00ed o metab\u00f2lic, inclosos els cel\u00edacs.<\/strong><\/p>\n<ul>\n<li><strong>Servei d&#8217;acollida:<\/strong><\/li>\n<\/ul>\n<p>de 8 a 9h &#8211; 40 \u20ac al mes<\/p>\n<p>de 8,30 a 9h &#8211; 20\u20ac al mes<\/p>\n<p>Alumnes espor\u00e0dics:\u00a0 1 hora &#8211; 6 \u20ac\u00a0 \/\u00a0 \u00bd hora &#8211; 3 \u20ac<\/p>\n<p><strong>Les dates concretes de Preinscripci\u00f3 s\u00f3n del 13 al 24 d&#8217;abril.<\/strong><\/p>\n<p><strong>CALENDARI DEL PROC\u00c9S DE PREINSCRIPCI\u00d3:<\/strong><\/p>\n<ul>\n<li>Oferta inicial de places escolars: 9 d&#8217;abril de 2018<\/li>\n<li>Presentaci\u00f3 de sol\u00b7licituds:\u00a0<strong>del\u00a013 al 24\u00a0d&#8217;abril\u00a0de 2018<\/strong><\/li>\n<li>Presentaci\u00f3 de documentaci\u00f3: fins al 25 d&#8217;abril de 2018<\/li>\n<li>Llista de sol\u00b7licituds amb la puntuaci\u00f3 provisional: 3 de maig de 2018<\/li>\n<li>Presentaci\u00f3 de reclamacions: del 4 al 8 de maig de 2018<\/li>\n<li>Llista de sol\u00b7licituds amb la puntuaci\u00f3 un cop resoltes les reclamacions: 10 de maig de 2018<\/li>\n<li>Sorteig del n\u00famero de desempat: 11 de maig de 2018, a les 11 h, als serveis centrals del\u00a0Departament d&#8217;Ensenyament (Via Augusta, 202, Barcelona)<\/li>\n<li>Llista ordenada definitiva: 15 de maig de 2018<\/li>\n<li>Ampliaci\u00f3 de petici\u00f3 de centres per a les sol\u00b7licituds que no han obtingut cap assignaci\u00f3 (assignaci\u00f3 d&#8217;ofici): del 31 de maig al 4 de juny de 2018<\/li>\n<li>Oferta final de places escolars: 11 de juny de 2018<\/li>\n<li>Llista d&#8217;alumnes admesos i\u00a0llista d&#8217;espera: 12 de juny\u00a0de 2018<\/li>\n<\/ul>\n<p>Per a m\u00e9s informaci\u00f3 podeu consultar a:<\/p>\n<p>http:\/\/queestudiar.gencat.cat\/ca\/preinscripcio\/<\/p>\n<p>Tamb\u00e9 us podeu dirigir a l&#8217;<strong>Oficina Municipal d&#8217;Escolaritzaci\u00f3<\/strong> (<span class=\"w8qArf\">\u00a0<\/span><span class=\"LrzXr\">Carrer de Santa Elisabet, 16, 08401 Granollers)<\/span><\/p>\n<p>-de dilluns a divendres de 9 a 14h<\/p>\n<p>&#8211; de dilluns a dijous de 16 a 18h<\/p>\n","protected":false},"excerpt":{"rendered":"<p><a href=\"http:\/\/agora.xtec.cat\/escferreriguardiagranollers\/wp-content\/uploads\/usu988\/2018\/02\/d\u00edptic-definitiu-1.jpg\"><\/a><a href=\"http:\/\/agora.xtec.cat\/escferreriguardiagranollers\/wp-content\/uploads\/usu988\/2018\/02\/d\u00edptic-definitiu-2.jpg\"><\/a><a href=\"http:\/\/agora.xtec.cat\/escferreriguardiagranollers\/wp-content\/uploads\/usu988\/2018\/02\/promo1819_imprimir-2.pdf\">D\u00cdPTIC PORTES OBERTES<\/a><br \/>\nA m\u00e9s, l&#8217;escola disposa de:<\/p>\n<ul>\n<li>Servei de menjador. El preu aproximat \u00e9s de:<\/li>\n<\/ul>\n<p>6,60 euros per als alumnes fixos<br \/>\n7,20 euros per als alumnes espor\u00e0dics<br \/>\nL&#8217;empresa de menjador, TresMes EcoActiva, ofereix men\u00fas especials per alumnes que tinguin un diagn\u00f2stic m\u00e8dic d&#8217;alguna malaltia cr\u00f2nica que&hellip;  <a href=\"https:\/\/agora.xtec.cat\/escferreriguardiagranollers\/general\/portes-obertes-2\/\" title=\"Read PREINSCRIPCI\u00d3 2018-2019\">Llegeix m\u00e9s\u00bb<\/a><\/p>\n","protected":false},"author":1,"featured_media":0,"comment_status":"open","ping_status":"closed","sticky":false,"template":"","format":"standard","meta":{"_bbp_topic_count":0,"_bbp_reply_count":0,"_bbp_total_topic_count":0,"_bbp_total_reply_count":0,"_bbp_voice_count":0,"_bbp_anonymous_reply_count":0,"_bbp_topic_count_hidden":0,"_bbp_reply_count_hidden":0,"_bbp_forum_subforum_count":0,"footnotes":""},"categories":[1,4],"tags":[],"class_list":["post-2152","post","type-post","status-publish","format-standard","hentry","category-general","category-portada"],"post_mailing_queue_ids":[],"_links":{"self":[{"href":"https:\/\/agora.xtec.cat\/escferreriguardiagranollers\/wp-json\/wp\/v2\/posts\/2152","targetHints":{"allow":["GET"]}}],"collection":[{"href":"https:\/\/agora.xtec.cat\/escferreriguardiagranollers\/wp-json\/wp\/v2\/posts"}],"about":[{"href":"https:\/\/agora.xtec.cat\/escferreriguardiagranollers\/wp-json\/wp\/v2\/types\/post"}],"author":[{"embeddable":true,"href":"https:\/\/agora.xtec.cat\/escferreriguardiagranollers\/wp-json\/wp\/v2\/users\/1"}],"replies":[{"embeddable":true,"href":"https:\/\/agora.xtec.cat\/escferreriguardiagranollers\/wp-json\/wp\/v2\/comments?post=2152"}],"version-history":[{"count":3,"href":"https:\/\/agora.xtec.cat\/escferreriguardiagranollers\/wp-json\/wp\/v2\/posts\/2152\/revisions"}],"predecessor-version":[{"id":2267,"href":"https:\/\/agora.xtec.cat\/escferreriguardiagranollers\/wp-json\/wp\/v2\/posts\/2152\/revisions\/2267"}],"wp:attachment":[{"href":"https:\/\/agora.xtec.cat\/escferreriguardiagranollers\/wp-json\/wp\/v2\/media?parent=2152"}],"wp:term":[{"taxonomy":"category","embeddable":true,"href":"https:\/\/agora.xtec.cat\/escferreriguardiagranollers\/wp-json\/wp\/v2\/categories?post=2152"},{"taxonomy":"post_tag","embeddable":true,"href":"https:\/\/agora.xtec.cat\/escferreriguardiagranollers\/wp-json\/wp\/v2\/tags?post=2152"}],"curies":[{"name":"wp","href":"https:\/\/api.w.org\/{rel}","templated":true}]}}