{"id":2136,"date":"2018-02-04T22:16:59","date_gmt":"2018-02-04T21:16:59","guid":{"rendered":"http:\/\/agora.xtec.cat\/escferreriguardiagranollers\/?p=2136"},"modified":"2018-02-05T09:14:21","modified_gmt":"2018-02-05T08:14:21","slug":"taula-de-llum","status":"publish","type":"post","link":"https:\/\/agora.xtec.cat\/escferreriguardiagranollers\/infantil\/taula-de-llum\/","title":{"rendered":"Taula de llum"},"content":{"rendered":"<p>Hem comen\u00e7at a treballar amb la taula de llum. En aquesta ocasi\u00f3 hem fet dibuixos amb formes geom\u00e8triques. Ha estat una experiencia quasi m\u00e0gica!!<\/p>\n<p><a href=\"http:\/\/agora.xtec.cat\/escferreriguardiagranollers\/wp-content\/uploads\/usu988\/2018\/02\/collage-taula-de-llum.jpg\"><img loading=\"lazy\" decoding=\"async\" class=\"alignnone size-full wp-image-2137\" src=\"http:\/\/agora.xtec.cat\/escferreriguardiagranollers\/wp-content\/uploads\/usu988\/2018\/02\/collage-taula-de-llum.jpg\" alt=\"\" width=\"963\" height=\"963\" srcset=\"https:\/\/agora.xtec.cat\/escferreriguardiagranollers\/wp-content\/uploads\/usu988\/2018\/02\/collage-taula-de-llum.jpg 963w, https:\/\/agora.xtec.cat\/escferreriguardiagranollers\/wp-content\/uploads\/usu988\/2018\/02\/collage-taula-de-llum-150x150.jpg 150w, https:\/\/agora.xtec.cat\/escferreriguardiagranollers\/wp-content\/uploads\/usu988\/2018\/02\/collage-taula-de-llum-300x300.jpg 300w, https:\/\/agora.xtec.cat\/escferreriguardiagranollers\/wp-content\/uploads\/usu988\/2018\/02\/collage-taula-de-llum-768x768.jpg 768w\" sizes=\"auto, (max-width: 963px) 100vw, 963px\" \/><\/a><\/p>\n","protected":false},"excerpt":{"rendered":"<p>Hem comen\u00e7at a treballar amb la taula de llum. En aquesta ocasi\u00f3 hem fet dibuixos amb formes geom\u00e8triques. Ha estat una experiencia quasi m\u00e0gica!!<br \/>\n<a href=\"http:\/\/agora.xtec.cat\/escferreriguardiagranollers\/wp-content\/uploads\/usu988\/2018\/02\/collage-taula-de-llum.jpg\"><\/a><\/p>\n","protected":false},"author":5,"featured_media":0,"comment_status":"open","ping_status":"closed","sticky":false,"template":"","format":"standard","meta":{"_bbp_topic_count":0,"_bbp_reply_count":0,"_bbp_total_topic_count":0,"_bbp_total_reply_count":0,"_bbp_voice_count":0,"_bbp_anonymous_reply_count":0,"_bbp_topic_count_hidden":0,"_bbp_reply_count_hidden":0,"_bbp_forum_subforum_count":0,"footnotes":""},"categories":[2,3,8,9],"tags":[],"class_list":["post-2136","post","type-post","status-publish","format-standard","hentry","category-infantil","category-p3","category-p4","category-p5"],"post_mailing_queue_ids":[],"_links":{"self":[{"href":"https:\/\/agora.xtec.cat\/escferreriguardiagranollers\/wp-json\/wp\/v2\/posts\/2136","targetHints":{"allow":["GET"]}}],"collection":[{"href":"https:\/\/agora.xtec.cat\/escferreriguardiagranollers\/wp-json\/wp\/v2\/posts"}],"about":[{"href":"https:\/\/agora.xtec.cat\/escferreriguardiagranollers\/wp-json\/wp\/v2\/types\/post"}],"author":[{"embeddable":true,"href":"https:\/\/agora.xtec.cat\/escferreriguardiagranollers\/wp-json\/wp\/v2\/users\/5"}],"replies":[{"embeddable":true,"href":"https:\/\/agora.xtec.cat\/escferreriguardiagranollers\/wp-json\/wp\/v2\/comments?post=2136"}],"version-history":[{"count":3,"href":"https:\/\/agora.xtec.cat\/escferreriguardiagranollers\/wp-json\/wp\/v2\/posts\/2136\/revisions"}],"predecessor-version":[{"id":2140,"href":"https:\/\/agora.xtec.cat\/escferreriguardiagranollers\/wp-json\/wp\/v2\/posts\/2136\/revisions\/2140"}],"wp:attachment":[{"href":"https:\/\/agora.xtec.cat\/escferreriguardiagranollers\/wp-json\/wp\/v2\/media?parent=2136"}],"wp:term":[{"taxonomy":"category","embeddable":true,"href":"https:\/\/agora.xtec.cat\/escferreriguardiagranollers\/wp-json\/wp\/v2\/categories?post=2136"},{"taxonomy":"post_tag","embeddable":true,"href":"https:\/\/agora.xtec.cat\/escferreriguardiagranollers\/wp-json\/wp\/v2\/tags?post=2136"}],"curies":[{"name":"wp","href":"https:\/\/api.w.org\/{rel}","templated":true}]}}