{"id":2108,"date":"2018-01-30T19:55:45","date_gmt":"2018-01-30T18:55:45","guid":{"rendered":"http:\/\/agora.xtec.cat\/escferreriguardiagranollers\/?p=2108"},"modified":"2018-01-30T20:11:01","modified_gmt":"2018-01-30T19:11:01","slug":"racons-de-matematiques","status":"publish","type":"post","link":"https:\/\/agora.xtec.cat\/escferreriguardiagranollers\/general\/racons-de-matematiques\/","title":{"rendered":"RACONS DE MATEM\u00c0TIQUES"},"content":{"rendered":"<p>Ja hem comen\u00e7at els nous racons de matem\u00e0tiques. Treballem en quatre racons:<\/p>\n<ul>\n<li>Numeraci\u00f3 i c\u00e0lcul \u2013 Reglets.<\/li>\n<li>Estad\u00edstica i atzar \u2013 Daus<\/li>\n<li>Espai i forma \u2013 Geopl\u00e0<\/li>\n<li>Mesura \u2013 Capacitat<\/li>\n<\/ul>\n<p>Aqu\u00ed teniu una mostra del que estem fent!!<\/p>\n<p><a href=\"http:\/\/agora.xtec.cat\/escferreriguardiagranollers\/wp-content\/uploads\/usu988\/2018\/01\/reglets.jpg\"><img loading=\"lazy\" decoding=\"async\" class=\"alignleft wp-image-2109 size-thumbnail\" src=\"http:\/\/agora.xtec.cat\/escferreriguardiagranollers\/wp-content\/uploads\/usu988\/2018\/01\/reglets-150x150.jpg\" alt=\"\" width=\"150\" height=\"150\" \/><\/a><\/p>\n<p><a href=\"http:\/\/agora.xtec.cat\/escferreriguardiagranollers\/wp-content\/uploads\/usu988\/2018\/01\/gep\u00f1a.jpg\"><img loading=\"lazy\" decoding=\"async\" class=\"alignleft wp-image-2110 size-thumbnail\" src=\"http:\/\/agora.xtec.cat\/escferreriguardiagranollers\/wp-content\/uploads\/usu988\/2018\/01\/gep\u00f1a-150x150.jpg\" alt=\"\" width=\"150\" height=\"150\" \/><\/a><\/p>\n<p><a href=\"http:\/\/agora.xtec.cat\/escferreriguardiagranollers\/wp-content\/uploads\/usu988\/2018\/01\/dau.jpg\"><img loading=\"lazy\" decoding=\"async\" class=\"alignleft wp-image-2111 size-thumbnail\" src=\"http:\/\/agora.xtec.cat\/escferreriguardiagranollers\/wp-content\/uploads\/usu988\/2018\/01\/dau-150x150.jpg\" alt=\"\" width=\"150\" height=\"150\" \/><\/a><\/p>\n<p><a href=\"http:\/\/agora.xtec.cat\/escferreriguardiagranollers\/wp-content\/uploads\/usu988\/2018\/01\/mesura-1.jpg\"><img loading=\"lazy\" decoding=\"async\" class=\"alignleft wp-image-2112 size-thumbnail\" src=\"http:\/\/agora.xtec.cat\/escferreriguardiagranollers\/wp-content\/uploads\/usu988\/2018\/01\/mesura-1-150x150.jpg\" alt=\"\" width=\"150\" height=\"150\" \/><\/a><\/p>\n","protected":false},"excerpt":{"rendered":"<p>Ja hem comen\u00e7at els nous racons de matem\u00e0tiques. Treballem en quatre racons:<\/p>\n<ul>\n<li>Numeraci\u00f3 i c\u00e0lcul \u2013 Reglets.<\/li>\n<li>Estad\u00edstica i atzar \u2013 Daus<\/li>\n<li>Espai i forma \u2013 Geopl\u00e0<\/li>\n<li>Mesura \u2013 Capacitat<\/li>\n<\/ul>\n<p>Aqu\u00ed teniu una mostra del que estem fent!!<br \/>\n<a href=\"http:\/\/agora.xtec.cat\/escferreriguardiagranollers\/wp-content\/uploads\/usu988\/2018\/01\/reglets.jpg\"><\/a><br \/>\n<a href=\"http:\/\/agora.xtec.cat\/escferreriguardiagranollers\/wp-content\/uploads\/usu988\/2018\/01\/gep\u00f1a.jpg\"><\/a><br \/>\n<a href=\"http:\/\/agora.xtec.cat\/escferreriguardiagranollers\/wp-content\/uploads\/usu988\/2018\/01\/dau.jpg\"><\/a><br \/>\n<a href=\"http:\/\/agora.xtec.cat\/escferreriguardiagranollers\/wp-content\/uploads\/usu988\/2018\/01\/mesura-1.jpg\"><\/a><\/p>\n","protected":false},"author":7,"featured_media":0,"comment_status":"open","ping_status":"closed","sticky":false,"template":"","format":"standard","meta":{"_bbp_topic_count":0,"_bbp_reply_count":0,"_bbp_total_topic_count":0,"_bbp_total_reply_count":0,"_bbp_voice_count":0,"_bbp_anonymous_reply_count":0,"_bbp_topic_count_hidden":0,"_bbp_reply_count_hidden":0,"_bbp_forum_subforum_count":0,"footnotes":""},"categories":[1],"tags":[],"class_list":["post-2108","post","type-post","status-publish","format-standard","hentry","category-general"],"post_mailing_queue_ids":[],"_links":{"self":[{"href":"https:\/\/agora.xtec.cat\/escferreriguardiagranollers\/wp-json\/wp\/v2\/posts\/2108","targetHints":{"allow":["GET"]}}],"collection":[{"href":"https:\/\/agora.xtec.cat\/escferreriguardiagranollers\/wp-json\/wp\/v2\/posts"}],"about":[{"href":"https:\/\/agora.xtec.cat\/escferreriguardiagranollers\/wp-json\/wp\/v2\/types\/post"}],"author":[{"embeddable":true,"href":"https:\/\/agora.xtec.cat\/escferreriguardiagranollers\/wp-json\/wp\/v2\/users\/7"}],"replies":[{"embeddable":true,"href":"https:\/\/agora.xtec.cat\/escferreriguardiagranollers\/wp-json\/wp\/v2\/comments?post=2108"}],"version-history":[{"count":3,"href":"https:\/\/agora.xtec.cat\/escferreriguardiagranollers\/wp-json\/wp\/v2\/posts\/2108\/revisions"}],"predecessor-version":[{"id":2120,"href":"https:\/\/agora.xtec.cat\/escferreriguardiagranollers\/wp-json\/wp\/v2\/posts\/2108\/revisions\/2120"}],"wp:attachment":[{"href":"https:\/\/agora.xtec.cat\/escferreriguardiagranollers\/wp-json\/wp\/v2\/media?parent=2108"}],"wp:term":[{"taxonomy":"category","embeddable":true,"href":"https:\/\/agora.xtec.cat\/escferreriguardiagranollers\/wp-json\/wp\/v2\/categories?post=2108"},{"taxonomy":"post_tag","embeddable":true,"href":"https:\/\/agora.xtec.cat\/escferreriguardiagranollers\/wp-json\/wp\/v2\/tags?post=2108"}],"curies":[{"name":"wp","href":"https:\/\/api.w.org\/{rel}","templated":true}]}}