{"id":2025,"date":"2017-12-02T18:51:15","date_gmt":"2017-12-02T17:51:15","guid":{"rendered":"http:\/\/agora.xtec.cat\/escferreriguardiagranollers\/?p=2025"},"modified":"2017-12-02T18:59:35","modified_gmt":"2017-12-02T17:59:35","slug":"desembre2017","status":"publish","type":"post","link":"https:\/\/agora.xtec.cat\/escferreriguardiagranollers\/general\/desembre2017\/","title":{"rendered":"DESEMBRE&#8217;2017"},"content":{"rendered":"<table style=\"width: 545px;\">\n<tbody>\n<tr style=\"height: 259px;\">\n<td style=\"width: 539px; height: 259px;\"><strong>Dimarts, 5 de desembre\u00a0<\/strong><\/p>\n<p>Gaudirem de la representaci\u00f3 de l&#8217;0bra de teatre <strong>&#8220;Mar i Cel&#8221;<\/strong> a c\u00e0rrec dels alumnes de 6\u00e8 curs.<\/p>\n<p><a href=\"http:\/\/agora.xtec.cat\/escferreriguardiagranollers\/wp-content\/uploads\/usu988\/2017\/12\/mar-i-cel.jpg\"><img loading=\"lazy\" decoding=\"async\" class=\"alignleft wp-image-2026 size-thumbnail\" src=\"http:\/\/agora.xtec.cat\/escferreriguardiagranollers\/wp-content\/uploads\/usu988\/2017\/12\/mar-i-cel-150x150.jpg\" alt=\"\" width=\"150\" height=\"150\" srcset=\"https:\/\/agora.xtec.cat\/escferreriguardiagranollers\/wp-content\/uploads\/usu988\/2017\/12\/mar-i-cel-150x150.jpg 150w, https:\/\/agora.xtec.cat\/escferreriguardiagranollers\/wp-content\/uploads\/usu988\/2017\/12\/mar-i-cel.jpg 467w\" sizes=\"auto, (max-width: 150px) 100vw, 150px\" \/><\/a><\/td>\n<\/tr>\n<tr style=\"height: 281px;\">\n<td style=\"width: 539px; height: 281px;\"><strong>Dimarts, 12 de desembre\u00a0<\/strong><\/p>\n<p>Els alumnes de cicle mitj\u00e0 anirem al Centre Cultural a veure un espectacle de dansa <strong>&#8220;Silenci&#8230;Dansa&#8221;<\/strong> de la Cia: Factoria Mascar\u00f3.<\/p>\n<p><a href=\"http:\/\/agora.xtec.cat\/escferreriguardiagranollers\/wp-content\/uploads\/usu988\/2017\/12\/silenci-dansa-cartell.jpg\"><img loading=\"lazy\" decoding=\"async\" class=\"alignleft size-thumbnail wp-image-2028\" src=\"http:\/\/agora.xtec.cat\/escferreriguardiagranollers\/wp-content\/uploads\/usu988\/2017\/12\/silenci-dansa-cartell-150x150.jpg\" alt=\"\" width=\"150\" height=\"150\" \/><\/a><\/td>\n<\/tr>\n<tr style=\"height: 281px;\">\n<td style=\"width: 539px; height: 281px;\"><strong>Divendres, 15 de desembre\u00a0<\/strong><\/p>\n<p>Gaudirem de la representaci\u00f3 teatral &#8220;<strong>Els Pastorets<\/strong>&#8221; a c\u00e0rrec dels alumnes de 5\u00e8 de prim\u00e0ria.<\/p>\n<p><a href=\"http:\/\/agora.xtec.cat\/escferreriguardiagranollers\/wp-content\/uploads\/usu988\/2017\/12\/pastorets.jpg\"><img loading=\"lazy\" decoding=\"async\" class=\"alignleft size-thumbnail wp-image-2027\" src=\"http:\/\/agora.xtec.cat\/escferreriguardiagranollers\/wp-content\/uploads\/usu988\/2017\/12\/pastorets-150x150.jpg\" alt=\"\" width=\"150\" height=\"150\" \/><\/a><\/td>\n<\/tr>\n<tr style=\"height: 219px;\">\n<td style=\"width: 539px; height: 219px;\"><strong>Dimecres, 20 de desembre:\u00a0\u00a0Concert de Nadal.<\/strong><\/p>\n<p><a href=\"http:\/\/agora.xtec.cat\/escferreriguardiagranollers\/wp-content\/uploads\/usu988\/2017\/12\/CONCERT-NADAL.jpg\"><img loading=\"lazy\" decoding=\"async\" class=\"alignleft size-thumbnail wp-image-2029\" src=\"http:\/\/agora.xtec.cat\/escferreriguardiagranollers\/wp-content\/uploads\/usu988\/2017\/12\/CONCERT-NADAL-150x150.jpg\" alt=\"\" width=\"150\" height=\"150\" \/><\/a><\/td>\n<\/tr>\n<tr style=\"height: 31px;\">\n<td style=\"width: 539px; height: 31px;\"><strong>Divendres, 22 de desembre &#8211; Amic invisible.<\/strong><\/p>\n<p><a href=\"http:\/\/agora.xtec.cat\/escferreriguardiagranollers\/wp-content\/uploads\/usu988\/2017\/12\/amic_invisible.jpg\"><img loading=\"lazy\" decoding=\"async\" class=\"alignleft wp-image-2030 size-thumbnail\" src=\"http:\/\/agora.xtec.cat\/escferreriguardiagranollers\/wp-content\/uploads\/usu988\/2017\/12\/amic_invisible-150x150.jpg\" alt=\"\" width=\"150\" height=\"150\" \/><\/a><\/p>\n<p>&nbsp;<\/td>\n<\/tr>\n<\/tbody>\n<\/table>\n","protected":false},"excerpt":{"rendered":"<p>Activitats que farem els alumnes de cicle mitj\u00e0 al llarg d&#8217;aquest mes.&hellip;  <a href=\"https:\/\/agora.xtec.cat\/escferreriguardiagranollers\/general\/desembre2017\/\" title=\"Read DESEMBRE&#8217;2017\">Llegeix m\u00e9s\u00bb<\/a><\/p>\n","protected":false},"author":7,"featured_media":1413,"comment_status":"open","ping_status":"closed","sticky":false,"template":"","format":"standard","meta":{"_bbp_topic_count":0,"_bbp_reply_count":0,"_bbp_total_topic_count":0,"_bbp_total_reply_count":0,"_bbp_voice_count":0,"_bbp_anonymous_reply_count":0,"_bbp_topic_count_hidden":0,"_bbp_reply_count_hidden":0,"_bbp_forum_subforum_count":0,"footnotes":""},"categories":[1],"tags":[],"class_list":["post-2025","post","type-post","status-publish","format-standard","has-post-thumbnail","hentry","category-general"],"post_mailing_queue_ids":[],"_links":{"self":[{"href":"https:\/\/agora.xtec.cat\/escferreriguardiagranollers\/wp-json\/wp\/v2\/posts\/2025","targetHints":{"allow":["GET"]}}],"collection":[{"href":"https:\/\/agora.xtec.cat\/escferreriguardiagranollers\/wp-json\/wp\/v2\/posts"}],"about":[{"href":"https:\/\/agora.xtec.cat\/escferreriguardiagranollers\/wp-json\/wp\/v2\/types\/post"}],"author":[{"embeddable":true,"href":"https:\/\/agora.xtec.cat\/escferreriguardiagranollers\/wp-json\/wp\/v2\/users\/7"}],"replies":[{"embeddable":true,"href":"https:\/\/agora.xtec.cat\/escferreriguardiagranollers\/wp-json\/wp\/v2\/comments?post=2025"}],"version-history":[{"count":2,"href":"https:\/\/agora.xtec.cat\/escferreriguardiagranollers\/wp-json\/wp\/v2\/posts\/2025\/revisions"}],"predecessor-version":[{"id":2032,"href":"https:\/\/agora.xtec.cat\/escferreriguardiagranollers\/wp-json\/wp\/v2\/posts\/2025\/revisions\/2032"}],"wp:featuredmedia":[{"embeddable":true,"href":"https:\/\/agora.xtec.cat\/escferreriguardiagranollers\/wp-json\/wp\/v2\/media\/1413"}],"wp:attachment":[{"href":"https:\/\/agora.xtec.cat\/escferreriguardiagranollers\/wp-json\/wp\/v2\/media?parent=2025"}],"wp:term":[{"taxonomy":"category","embeddable":true,"href":"https:\/\/agora.xtec.cat\/escferreriguardiagranollers\/wp-json\/wp\/v2\/categories?post=2025"},{"taxonomy":"post_tag","embeddable":true,"href":"https:\/\/agora.xtec.cat\/escferreriguardiagranollers\/wp-json\/wp\/v2\/tags?post=2025"}],"curies":[{"name":"wp","href":"https:\/\/api.w.org\/{rel}","templated":true}]}}