{"id":2011,"date":"2017-11-22T21:37:27","date_gmt":"2017-11-22T20:37:27","guid":{"rendered":"http:\/\/agora.xtec.cat\/escferreriguardiagranollers\/?p=2011"},"modified":"2017-11-22T21:37:35","modified_gmt":"2017-11-22T20:37:35","slug":"santa-cecilia","status":"publish","type":"post","link":"https:\/\/agora.xtec.cat\/escferreriguardiagranollers\/portada\/santa-cecilia\/","title":{"rendered":"SANTA CEC\u00cdLIA"},"content":{"rendered":"<p>Aquest dimecres 22 de novembre hem celebrat el concert de Santa Cec\u00edlia. Han vingut nois i noies de 1r i 2n d&#8217;ESO de l&#8217;Institut Carles Vallbona i ens han tocat dirverses peces, bandes sonores de pel\u00b7l\u00edcules molt conegudes.<\/p>\n<p>Tamb\u00e9 hi han participat els alumnes de 6\u00e8, fent una actuaci\u00f3 de Body Percusion, i la Liliana ha tocat al viol\u00ed.<\/p>\n<p>Moltes gr\u00e0cies a tots i totes!!<\/p>\n\n<p>&nbsp;<\/p>\n","protected":false},"excerpt":{"rendered":"<p>Aquest dimecres 22 de novembre hem celebrat el concert de Santa Cec\u00edlia. Han vingut nois i noies de 1r i 2n d&#8217;ESO de l&#8217;Institut Carles Vallbona i ens han tocat dirverses peces, bandes sonores de pel\u00b7l\u00edcules molt conegudes.<br \/>\nTamb\u00e9 hi han participat els alumnes de 6\u00e8,&hellip;  <a href=\"https:\/\/agora.xtec.cat\/escferreriguardiagranollers\/portada\/santa-cecilia\/\" title=\"Read SANTA CEC\u00cdLIA\">Llegeix m\u00e9s\u00bb<\/a><\/p>\n","protected":false},"author":1,"featured_media":0,"comment_status":"open","ping_status":"closed","sticky":false,"template":"","format":"standard","meta":{"_bbp_topic_count":0,"_bbp_reply_count":0,"_bbp_total_topic_count":0,"_bbp_total_reply_count":0,"_bbp_voice_count":0,"_bbp_anonymous_reply_count":0,"_bbp_topic_count_hidden":0,"_bbp_reply_count_hidden":0,"_bbp_forum_subforum_count":0,"footnotes":""},"categories":[12,4],"tags":[],"class_list":["post-2011","post","type-post","status-publish","format-standard","hentry","category-5e-i-6e","category-portada"],"post_mailing_queue_ids":[],"_links":{"self":[{"href":"https:\/\/agora.xtec.cat\/escferreriguardiagranollers\/wp-json\/wp\/v2\/posts\/2011","targetHints":{"allow":["GET"]}}],"collection":[{"href":"https:\/\/agora.xtec.cat\/escferreriguardiagranollers\/wp-json\/wp\/v2\/posts"}],"about":[{"href":"https:\/\/agora.xtec.cat\/escferreriguardiagranollers\/wp-json\/wp\/v2\/types\/post"}],"author":[{"embeddable":true,"href":"https:\/\/agora.xtec.cat\/escferreriguardiagranollers\/wp-json\/wp\/v2\/users\/1"}],"replies":[{"embeddable":true,"href":"https:\/\/agora.xtec.cat\/escferreriguardiagranollers\/wp-json\/wp\/v2\/comments?post=2011"}],"version-history":[{"count":1,"href":"https:\/\/agora.xtec.cat\/escferreriguardiagranollers\/wp-json\/wp\/v2\/posts\/2011\/revisions"}],"predecessor-version":[{"id":2012,"href":"https:\/\/agora.xtec.cat\/escferreriguardiagranollers\/wp-json\/wp\/v2\/posts\/2011\/revisions\/2012"}],"wp:attachment":[{"href":"https:\/\/agora.xtec.cat\/escferreriguardiagranollers\/wp-json\/wp\/v2\/media?parent=2011"}],"wp:term":[{"taxonomy":"category","embeddable":true,"href":"https:\/\/agora.xtec.cat\/escferreriguardiagranollers\/wp-json\/wp\/v2\/categories?post=2011"},{"taxonomy":"post_tag","embeddable":true,"href":"https:\/\/agora.xtec.cat\/escferreriguardiagranollers\/wp-json\/wp\/v2\/tags?post=2011"}],"curies":[{"name":"wp","href":"https:\/\/api.w.org\/{rel}","templated":true}]}}