{"id":1984,"date":"2017-11-16T21:24:06","date_gmt":"2017-11-16T20:24:06","guid":{"rendered":"http:\/\/agora.xtec.cat\/escferreriguardiagranollers\/?p=1984"},"modified":"2017-11-16T21:34:23","modified_gmt":"2017-11-16T20:34:23","slug":"visita-al-planetari","status":"publish","type":"post","link":"https:\/\/agora.xtec.cat\/escferreriguardiagranollers\/general\/visita-al-planetari\/","title":{"rendered":"VISITA AL PLANETARI"},"content":{"rendered":"<p><strong>El passat dilluns 13 de novembre la classe de 4t va anar al Museu de Ci\u00e8ncies Naturals de Granollers a veure el Planetari.<\/strong><\/p>\n<p><strong>\u00a0<\/strong><strong>El Museu de Ci\u00e8ncies Naturals de Granollers ofereix diverses activitats educatives vivencials i experimentals per a escolars. Aquesta activitat \u00e9s una d\u2019elles. Dirigida per persones especialistes i amb uns recursos did\u00e0ctics fant\u00e0stics, v\u00e0rem quedar bocabadats davant les explicacions i les imatges projectades a la c\u00fapula del planetari: imatges del cel nocturn amb els moviments d\u2019estrelles, planetes, sat\u00e8l\u00b7lits, del Sol, \u2026 des de diferents llocs de la Terra.<\/strong><\/p>\n<p><a href=\"http:\/\/agora.xtec.cat\/escferreriguardiagranollers\/wp-content\/uploads\/usu988\/2017\/11\/CUPULA.jpg\"><img loading=\"lazy\" decoding=\"async\" class=\"alignleft size-thumbnail wp-image-1993\" src=\"http:\/\/agora.xtec.cat\/escferreriguardiagranollers\/wp-content\/uploads\/usu988\/2017\/11\/CUPULA-150x150.jpg\" alt=\"\" width=\"150\" height=\"150\" \/><\/a><\/p>\n<p><a href=\"http:\/\/agora.xtec.cat\/escferreriguardiagranollers\/wp-content\/uploads\/usu988\/2017\/11\/foto3.jpg\"><img loading=\"lazy\" decoding=\"async\" class=\"alignleft wp-image-1987 size-medium\" src=\"http:\/\/agora.xtec.cat\/escferreriguardiagranollers\/wp-content\/uploads\/usu988\/2017\/11\/foto3-300x181.jpg\" alt=\"\" width=\"300\" height=\"181\" srcset=\"https:\/\/agora.xtec.cat\/escferreriguardiagranollers\/wp-content\/uploads\/usu988\/2017\/11\/foto3-300x181.jpg 300w, https:\/\/agora.xtec.cat\/escferreriguardiagranollers\/wp-content\/uploads\/usu988\/2017\/11\/foto3-768x464.jpg 768w, https:\/\/agora.xtec.cat\/escferreriguardiagranollers\/wp-content\/uploads\/usu988\/2017\/11\/foto3-1024x618.jpg 1024w\" sizes=\"auto, (max-width: 300px) 100vw, 300px\" \/><\/a><a href=\"http:\/\/agora.xtec.cat\/escferreriguardiagranollers\/wp-content\/uploads\/usu988\/2017\/11\/GRUPO11.jpg\"><img loading=\"lazy\" decoding=\"async\" class=\"alignleft wp-image-1992 size-medium\" src=\"http:\/\/agora.xtec.cat\/escferreriguardiagranollers\/wp-content\/uploads\/usu988\/2017\/11\/GRUPO11-300x149.jpg\" alt=\"\" width=\"300\" height=\"149\" srcset=\"https:\/\/agora.xtec.cat\/escferreriguardiagranollers\/wp-content\/uploads\/usu988\/2017\/11\/GRUPO11-300x149.jpg 300w, https:\/\/agora.xtec.cat\/escferreriguardiagranollers\/wp-content\/uploads\/usu988\/2017\/11\/GRUPO11-768x380.jpg 768w, https:\/\/agora.xtec.cat\/escferreriguardiagranollers\/wp-content\/uploads\/usu988\/2017\/11\/GRUPO11-1024x507.jpg 1024w, https:\/\/agora.xtec.cat\/escferreriguardiagranollers\/wp-content\/uploads\/usu988\/2017\/11\/GRUPO11.jpg 1484w\" sizes=\"auto, (max-width: 300px) 100vw, 300px\" \/><\/a><a href=\"http:\/\/agora.xtec.cat\/escferreriguardiagranollers\/wp-content\/uploads\/usu988\/2017\/11\/foto2.jpg\"><img loading=\"lazy\" decoding=\"async\" class=\"alignleft wp-image-1986 size-medium\" src=\"http:\/\/agora.xtec.cat\/escferreriguardiagranollers\/wp-content\/uploads\/usu988\/2017\/11\/foto2-300x214.jpg\" alt=\"\" width=\"300\" height=\"214\" srcset=\"https:\/\/agora.xtec.cat\/escferreriguardiagranollers\/wp-content\/uploads\/usu988\/2017\/11\/foto2-300x214.jpg 300w, https:\/\/agora.xtec.cat\/escferreriguardiagranollers\/wp-content\/uploads\/usu988\/2017\/11\/foto2-768x547.jpg 768w, https:\/\/agora.xtec.cat\/escferreriguardiagranollers\/wp-content\/uploads\/usu988\/2017\/11\/foto2-1024x730.jpg 1024w\" sizes=\"auto, (max-width: 300px) 100vw, 300px\" \/><\/a><\/p>\n","protected":false},"excerpt":{"rendered":"<p>El passat dilluns 13 de novembre la classe de 4t va anar al Museu de Ci\u00e8ncies Naturals de Granollers a veure el Planetari.<br \/>\n\u00a0El Museu de Ci\u00e8ncies Naturals de Granollers ofereix diverses activitats educatives vivencials i experimentals per a escolars. Aquesta activitat \u00e9s una d\u2019elles. Dirigida&hellip;  <a href=\"https:\/\/agora.xtec.cat\/escferreriguardiagranollers\/general\/visita-al-planetari\/\" title=\"Read VISITA AL PLANETARI\">Llegeix m\u00e9s\u00bb<\/a><\/p>\n","protected":false},"author":7,"featured_media":1989,"comment_status":"open","ping_status":"closed","sticky":false,"template":"","format":"standard","meta":{"_bbp_topic_count":0,"_bbp_reply_count":0,"_bbp_total_topic_count":0,"_bbp_total_reply_count":0,"_bbp_voice_count":0,"_bbp_anonymous_reply_count":0,"_bbp_topic_count_hidden":0,"_bbp_reply_count_hidden":0,"_bbp_forum_subforum_count":0,"footnotes":""},"categories":[1],"tags":[],"class_list":["post-1984","post","type-post","status-publish","format-standard","has-post-thumbnail","hentry","category-general"],"post_mailing_queue_ids":[],"_links":{"self":[{"href":"https:\/\/agora.xtec.cat\/escferreriguardiagranollers\/wp-json\/wp\/v2\/posts\/1984","targetHints":{"allow":["GET"]}}],"collection":[{"href":"https:\/\/agora.xtec.cat\/escferreriguardiagranollers\/wp-json\/wp\/v2\/posts"}],"about":[{"href":"https:\/\/agora.xtec.cat\/escferreriguardiagranollers\/wp-json\/wp\/v2\/types\/post"}],"author":[{"embeddable":true,"href":"https:\/\/agora.xtec.cat\/escferreriguardiagranollers\/wp-json\/wp\/v2\/users\/7"}],"replies":[{"embeddable":true,"href":"https:\/\/agora.xtec.cat\/escferreriguardiagranollers\/wp-json\/wp\/v2\/comments?post=1984"}],"version-history":[{"count":3,"href":"https:\/\/agora.xtec.cat\/escferreriguardiagranollers\/wp-json\/wp\/v2\/posts\/1984\/revisions"}],"predecessor-version":[{"id":1994,"href":"https:\/\/agora.xtec.cat\/escferreriguardiagranollers\/wp-json\/wp\/v2\/posts\/1984\/revisions\/1994"}],"wp:featuredmedia":[{"embeddable":true,"href":"https:\/\/agora.xtec.cat\/escferreriguardiagranollers\/wp-json\/wp\/v2\/media\/1989"}],"wp:attachment":[{"href":"https:\/\/agora.xtec.cat\/escferreriguardiagranollers\/wp-json\/wp\/v2\/media?parent=1984"}],"wp:term":[{"taxonomy":"category","embeddable":true,"href":"https:\/\/agora.xtec.cat\/escferreriguardiagranollers\/wp-json\/wp\/v2\/categories?post=1984"},{"taxonomy":"post_tag","embeddable":true,"href":"https:\/\/agora.xtec.cat\/escferreriguardiagranollers\/wp-json\/wp\/v2\/tags?post=1984"}],"curies":[{"name":"wp","href":"https:\/\/api.w.org\/{rel}","templated":true}]}}