{"id":1974,"date":"2017-11-16T20:22:41","date_gmt":"2017-11-16T19:22:41","guid":{"rendered":"http:\/\/agora.xtec.cat\/escferreriguardiagranollers\/?p=1974"},"modified":"2017-11-16T20:40:09","modified_gmt":"2017-11-16T19:40:09","slug":"projecte-els-noms-de-les-classes-de-cicle-mitja","status":"publish","type":"post","link":"https:\/\/agora.xtec.cat\/escferreriguardiagranollers\/general\/projecte-els-noms-de-les-classes-de-cicle-mitja\/","title":{"rendered":"Projecte: &#8220;ELS NOMS DE LES CLASSES DE CICLE MITJ\u00c0&#8221;"},"content":{"rendered":"<p>Els nens i les nenes de cicle mitj\u00e0 volem compartir amb tots vosaltres el producte final del nostre projecte d\u2019aula.<\/p>\n<p>Aquest any hem continuat investigant en el m\u00f3n del cinema, en concret, els g\u00e8neres cinematogr\u00e0fics.<\/p>\n<p>Els alumnes\u00a0de 3r. de prim\u00e0ria han triat <strong>el g\u00e8nere musical.<\/strong><\/p>\n<p>Els alumnes de 4t. de prim\u00e0ria han triat <strong>el g\u00e8nere de ci\u00e8ncia-ficci\u00f3<\/strong>. I han agafat de model la s\u00e8rie de pel\u00b7l\u00edcules \u00a0<em>\u201cLa guerra de les gal\u00e0xies (Star Wars)\u201d, <\/em>creada pel guionista, productor i director George Lucas.<\/p>\n<p>Us agradem??<\/p>\n<p><a href=\"http:\/\/agora.xtec.cat\/escferreriguardiagranollers\/wp-content\/uploads\/usu988\/2017\/11\/rrrrrrrrrrrrrrrrrrrrrrrrrrrrr.jpg\"><img loading=\"lazy\" decoding=\"async\" class=\"alignleft wp-image-1981 size-full\" src=\"http:\/\/agora.xtec.cat\/escferreriguardiagranollers\/wp-content\/uploads\/usu988\/2017\/11\/rrrrrrrrrrrrrrrrrrrrrrrrrrrrr.jpg\" alt=\"\" width=\"554\" height=\"985\" srcset=\"https:\/\/agora.xtec.cat\/escferreriguardiagranollers\/wp-content\/uploads\/usu988\/2017\/11\/rrrrrrrrrrrrrrrrrrrrrrrrrrrrr.jpg 554w, https:\/\/agora.xtec.cat\/escferreriguardiagranollers\/wp-content\/uploads\/usu988\/2017\/11\/rrrrrrrrrrrrrrrrrrrrrrrrrrrrr-169x300.jpg 169w\" sizes=\"auto, (max-width: 554px) 100vw, 554px\" \/><\/a><\/p>\n<p><strong>\u00a0<\/strong><\/p>\n<p>&nbsp;<\/p>\n<p><a href=\"http:\/\/agora.xtec.cat\/escferreriguardiagranollers\/wp-content\/uploads\/usu988\/2017\/11\/merche.jpg\"><img loading=\"lazy\" decoding=\"async\" class=\"wp-image-1979 size-large aligncenter\" src=\"http:\/\/agora.xtec.cat\/escferreriguardiagranollers\/wp-content\/uploads\/usu988\/2017\/11\/merche-570x1024.jpg\" alt=\"\" width=\"570\" height=\"1024\" srcset=\"https:\/\/agora.xtec.cat\/escferreriguardiagranollers\/wp-content\/uploads\/usu988\/2017\/11\/merche-570x1024.jpg 570w, https:\/\/agora.xtec.cat\/escferreriguardiagranollers\/wp-content\/uploads\/usu988\/2017\/11\/merche-167x300.jpg 167w, https:\/\/agora.xtec.cat\/escferreriguardiagranollers\/wp-content\/uploads\/usu988\/2017\/11\/merche-768x1379.jpg 768w, https:\/\/agora.xtec.cat\/escferreriguardiagranollers\/wp-content\/uploads\/usu988\/2017\/11\/merche.jpg 1954w\" sizes=\"auto, (max-width: 570px) 100vw, 570px\" \/><\/a><\/p>\n<p>&nbsp;<\/p>\n<p>&nbsp;<\/p>\n<p>&nbsp;<\/p>\n<p>&nbsp;<\/p>\n","protected":false},"excerpt":{"rendered":"<p>Els nens i les nenes de cicle mitj\u00e0 volem compartir amb tots vosaltres el producte final del nostre projecte d\u2019aula.<br \/>\nAquest any hem continuat investigant en el m\u00f3n del cinema, en concret, els g\u00e8neres cinematogr\u00e0fics.<br \/>\nEls alumnes\u00a0de 3r. de prim\u00e0ria han triat el g\u00e8nere musical.<br \/>\nEls alumnes de&hellip;  <a href=\"https:\/\/agora.xtec.cat\/escferreriguardiagranollers\/general\/projecte-els-noms-de-les-classes-de-cicle-mitja\/\" title=\"Read Projecte: &#8220;ELS NOMS DE LES CLASSES DE CICLE MITJ\u00c0&#8221;\">Llegeix m\u00e9s\u00bb<\/a><\/p>\n","protected":false},"author":7,"featured_media":1975,"comment_status":"open","ping_status":"closed","sticky":false,"template":"","format":"standard","meta":{"_bbp_topic_count":0,"_bbp_reply_count":0,"_bbp_total_topic_count":0,"_bbp_total_reply_count":0,"_bbp_voice_count":0,"_bbp_anonymous_reply_count":0,"_bbp_topic_count_hidden":0,"_bbp_reply_count_hidden":0,"_bbp_forum_subforum_count":0,"footnotes":""},"categories":[1],"tags":[],"class_list":["post-1974","post","type-post","status-publish","format-standard","has-post-thumbnail","hentry","category-general"],"post_mailing_queue_ids":[],"_links":{"self":[{"href":"https:\/\/agora.xtec.cat\/escferreriguardiagranollers\/wp-json\/wp\/v2\/posts\/1974","targetHints":{"allow":["GET"]}}],"collection":[{"href":"https:\/\/agora.xtec.cat\/escferreriguardiagranollers\/wp-json\/wp\/v2\/posts"}],"about":[{"href":"https:\/\/agora.xtec.cat\/escferreriguardiagranollers\/wp-json\/wp\/v2\/types\/post"}],"author":[{"embeddable":true,"href":"https:\/\/agora.xtec.cat\/escferreriguardiagranollers\/wp-json\/wp\/v2\/users\/7"}],"replies":[{"embeddable":true,"href":"https:\/\/agora.xtec.cat\/escferreriguardiagranollers\/wp-json\/wp\/v2\/comments?post=1974"}],"version-history":[{"count":3,"href":"https:\/\/agora.xtec.cat\/escferreriguardiagranollers\/wp-json\/wp\/v2\/posts\/1974\/revisions"}],"predecessor-version":[{"id":1983,"href":"https:\/\/agora.xtec.cat\/escferreriguardiagranollers\/wp-json\/wp\/v2\/posts\/1974\/revisions\/1983"}],"wp:featuredmedia":[{"embeddable":true,"href":"https:\/\/agora.xtec.cat\/escferreriguardiagranollers\/wp-json\/wp\/v2\/media\/1975"}],"wp:attachment":[{"href":"https:\/\/agora.xtec.cat\/escferreriguardiagranollers\/wp-json\/wp\/v2\/media?parent=1974"}],"wp:term":[{"taxonomy":"category","embeddable":true,"href":"https:\/\/agora.xtec.cat\/escferreriguardiagranollers\/wp-json\/wp\/v2\/categories?post=1974"},{"taxonomy":"post_tag","embeddable":true,"href":"https:\/\/agora.xtec.cat\/escferreriguardiagranollers\/wp-json\/wp\/v2\/tags?post=1974"}],"curies":[{"name":"wp","href":"https:\/\/api.w.org\/{rel}","templated":true}]}}