{"id":1932,"date":"2017-11-01T19:50:57","date_gmt":"2017-11-01T18:50:57","guid":{"rendered":"http:\/\/agora.xtec.cat\/escferreriguardiagranollers\/?p=1932"},"modified":"2018-07-09T13:12:52","modified_gmt":"2018-07-09T11:12:52","slug":"participacio-a-la-mau","status":"publish","type":"post","link":"https:\/\/agora.xtec.cat\/escferreriguardiagranollers\/infantil\/p3\/participacio-a-la-mau\/","title":{"rendered":"PARTICIPACI\u00d3 A LA MAU"},"content":{"rendered":"<p>El divendres 20 d&#8217;octubre tots els nens i nenes de l&#8217;escola van visitar la Mostra d&#8217;Art Urb\u00e0 que s&#8217;estava preparant a Roca Umbert ja que els alumnes de 5\u00e8 i 6\u00e8 van participar en l&#8217;obra de l&#8217;artista Josep Fern\u00e0ndez Margalef anomenada Mar de Paraules.<\/p>\n\n<p>&nbsp;<\/p>\n<p>&nbsp;<\/p>\n","protected":false},"excerpt":{"rendered":"<p>El divendres 20 d&#8217;octubre tots els nens i nenes de l&#8217;escola van visitar la Mostra d&#8217;Art Urb\u00e0 que s&#8217;estava preparant a Roca Umbert ja que els alumnes de 5\u00e8 i 6\u00e8 van participar en l&#8217;obra de l&#8217;artista Josep Fern\u00e0ndez Margalef anomenada Mar de Paraules.<\/p>\n<p>&nbsp;<br \/>\n&nbsp;<\/p>\n","protected":false},"author":1,"featured_media":0,"comment_status":"open","ping_status":"closed","sticky":false,"template":"","format":"standard","meta":{"_bbp_topic_count":0,"_bbp_reply_count":0,"_bbp_total_topic_count":0,"_bbp_total_reply_count":0,"_bbp_voice_count":0,"_bbp_anonymous_reply_count":0,"_bbp_topic_count_hidden":0,"_bbp_reply_count_hidden":0,"_bbp_forum_subforum_count":0,"footnotes":""},"categories":[10,12,3,8,9,4],"tags":[],"class_list":["post-1932","post","type-post","status-publish","format-standard","hentry","category-1r-i-2n","category-5e-i-6e","category-p3","category-p4","category-p5","category-portada"],"post_mailing_queue_ids":[],"_links":{"self":[{"href":"https:\/\/agora.xtec.cat\/escferreriguardiagranollers\/wp-json\/wp\/v2\/posts\/1932","targetHints":{"allow":["GET"]}}],"collection":[{"href":"https:\/\/agora.xtec.cat\/escferreriguardiagranollers\/wp-json\/wp\/v2\/posts"}],"about":[{"href":"https:\/\/agora.xtec.cat\/escferreriguardiagranollers\/wp-json\/wp\/v2\/types\/post"}],"author":[{"embeddable":true,"href":"https:\/\/agora.xtec.cat\/escferreriguardiagranollers\/wp-json\/wp\/v2\/users\/1"}],"replies":[{"embeddable":true,"href":"https:\/\/agora.xtec.cat\/escferreriguardiagranollers\/wp-json\/wp\/v2\/comments?post=1932"}],"version-history":[{"count":2,"href":"https:\/\/agora.xtec.cat\/escferreriguardiagranollers\/wp-json\/wp\/v2\/posts\/1932\/revisions"}],"predecessor-version":[{"id":2370,"href":"https:\/\/agora.xtec.cat\/escferreriguardiagranollers\/wp-json\/wp\/v2\/posts\/1932\/revisions\/2370"}],"wp:attachment":[{"href":"https:\/\/agora.xtec.cat\/escferreriguardiagranollers\/wp-json\/wp\/v2\/media?parent=1932"}],"wp:term":[{"taxonomy":"category","embeddable":true,"href":"https:\/\/agora.xtec.cat\/escferreriguardiagranollers\/wp-json\/wp\/v2\/categories?post=1932"},{"taxonomy":"post_tag","embeddable":true,"href":"https:\/\/agora.xtec.cat\/escferreriguardiagranollers\/wp-json\/wp\/v2\/tags?post=1932"}],"curies":[{"name":"wp","href":"https:\/\/api.w.org\/{rel}","templated":true}]}}