{"id":1929,"date":"2017-10-30T21:23:57","date_gmt":"2017-10-30T20:23:57","guid":{"rendered":"http:\/\/agora.xtec.cat\/escferreriguardiagranollers\/?p=1929"},"modified":"2017-10-30T21:23:57","modified_gmt":"2017-10-30T20:23:57","slug":"de-colonies","status":"publish","type":"post","link":"https:\/\/agora.xtec.cat\/escferreriguardiagranollers\/portada\/de-colonies\/","title":{"rendered":"DE COL\u00d2NIES!!!"},"content":{"rendered":"<p>Amb el nou curs ja comencem a pensar en les COL\u00d2NIES! Ja sabeu que l\u2019escola us proposa diferents opcions per facilitar el pagament i abaratir el cost:<\/p>\n<p>ESTALVIS, cada dilluns els alumnes de prim\u00e0ria poden portar petits imports per anar estalviant de mica en mica l\u2019import final de les col\u00f2nies. \u00c9s una manera de fer-los conscients del seu valor i cost.<\/p>\n<p>Com els darrers anys l\u2019AMPA proporcionar\u00e0 a les fam\u00edlies que vulguin TALONARIS per poder finan\u00e7ar les col\u00f2nies amb un valor de 100\u20ac pels alumnes de 3r, 4t, 5\u00e8 i 6\u00e8 i de 90\u20ac pels alumnes d\u2019infantil, 1r i 2n. \u00c9s una iniciativa per a que les col\u00f2nies puguin sortir GRATU\u00cfTES. Per adquirir el talonari cal ser soci de l\u2019AMPA.<\/p>\n<p>Alhora pensem que \u00e9s important que les fam\u00edlies adquiriu un comprom\u00eds de participaci\u00f3 en les col\u00f2nies fent una reserva de pla\u00e7a per a que nosaltres podem fer una bona previsi\u00f3. De manera que tots els alumnes que vulguin anar de col\u00f2nies hauran de fer una paga i senyal de 20\u20ac.<\/p>\n<p><strong>Aquesta paga i senyal \u00e9s un requisit indispensable per a reservar pla\u00e7a a la casa de col\u00f2nies<\/strong>. En el cas que la fam\u00edlia de l\u2019alumne, m\u00e9s endavant, decideix que no anir\u00e0 de col\u00f2nies no es retornar\u00e0 l\u2019import de la reserva. Entendrem que la fam\u00edlia que no faci el pagament de reserva ha decidit que no participa en les col\u00f2nies.<\/p>\n<p><strong>El pagament s\u2019ha de fer al llarg d\u2019aquesta setmana<\/strong> perqu\u00e8 l\u2019AMPA comen\u00e7ar\u00e0 a distribuir els talonaris el dia 6 de novembre.<\/p>\n<p>NO PERDEU LA OPORTUNITAT, LES COL\u00d2NIES S\u00d3N UNA EXPERI\u00c8NCIA MOLT ENRIQUIDORA PELS VOSTRES<\/p>\n<p>FILLS\/ES!<\/p>\n<p>&nbsp;<\/p>\n<p><img loading=\"lazy\" decoding=\"async\" class=\"wp-image-1930 aligncenter\" src=\"http:\/\/agora.xtec.cat\/escferreriguardiagranollers\/wp-content\/uploads\/usu988\/2017\/10\/COL\u00d2NIES-1024x447.jpg\" alt=\"\" width=\"524\" height=\"229\" srcset=\"https:\/\/agora.xtec.cat\/escferreriguardiagranollers\/wp-content\/uploads\/usu988\/2017\/10\/COL\u00d2NIES-1024x447.jpg 1024w, https:\/\/agora.xtec.cat\/escferreriguardiagranollers\/wp-content\/uploads\/usu988\/2017\/10\/COL\u00d2NIES-300x131.jpg 300w, https:\/\/agora.xtec.cat\/escferreriguardiagranollers\/wp-content\/uploads\/usu988\/2017\/10\/COL\u00d2NIES-768x335.jpg 768w, https:\/\/agora.xtec.cat\/escferreriguardiagranollers\/wp-content\/uploads\/usu988\/2017\/10\/COL\u00d2NIES.jpg 1300w\" sizes=\"auto, (max-width: 524px) 100vw, 524px\" \/><\/p>\n","protected":false},"excerpt":{"rendered":"<p>Amb el nou curs ja comencem a pensar en les COL\u00d2NIES! Ja sabeu que l\u2019escola us proposa diferents opcions per facilitar el pagament i abaratir el cost:<br \/>\nESTALVIS, cada dilluns els alumnes de prim\u00e0ria poden portar petits imports per anar estalviant de mica en mica l\u2019import&hellip;  <a href=\"https:\/\/agora.xtec.cat\/escferreriguardiagranollers\/portada\/de-colonies\/\" title=\"Read DE COL\u00d2NIES!!!\">Llegeix m\u00e9s\u00bb<\/a><\/p>\n","protected":false},"author":1,"featured_media":0,"comment_status":"open","ping_status":"closed","sticky":false,"template":"","format":"standard","meta":{"_bbp_topic_count":0,"_bbp_reply_count":0,"_bbp_total_topic_count":0,"_bbp_total_reply_count":0,"_bbp_voice_count":0,"_bbp_anonymous_reply_count":0,"_bbp_topic_count_hidden":0,"_bbp_reply_count_hidden":0,"_bbp_forum_subforum_count":0,"footnotes":""},"categories":[4],"tags":[],"class_list":["post-1929","post","type-post","status-publish","format-standard","hentry","category-portada"],"post_mailing_queue_ids":[],"_links":{"self":[{"href":"https:\/\/agora.xtec.cat\/escferreriguardiagranollers\/wp-json\/wp\/v2\/posts\/1929","targetHints":{"allow":["GET"]}}],"collection":[{"href":"https:\/\/agora.xtec.cat\/escferreriguardiagranollers\/wp-json\/wp\/v2\/posts"}],"about":[{"href":"https:\/\/agora.xtec.cat\/escferreriguardiagranollers\/wp-json\/wp\/v2\/types\/post"}],"author":[{"embeddable":true,"href":"https:\/\/agora.xtec.cat\/escferreriguardiagranollers\/wp-json\/wp\/v2\/users\/1"}],"replies":[{"embeddable":true,"href":"https:\/\/agora.xtec.cat\/escferreriguardiagranollers\/wp-json\/wp\/v2\/comments?post=1929"}],"version-history":[{"count":1,"href":"https:\/\/agora.xtec.cat\/escferreriguardiagranollers\/wp-json\/wp\/v2\/posts\/1929\/revisions"}],"predecessor-version":[{"id":1931,"href":"https:\/\/agora.xtec.cat\/escferreriguardiagranollers\/wp-json\/wp\/v2\/posts\/1929\/revisions\/1931"}],"wp:attachment":[{"href":"https:\/\/agora.xtec.cat\/escferreriguardiagranollers\/wp-json\/wp\/v2\/media?parent=1929"}],"wp:term":[{"taxonomy":"category","embeddable":true,"href":"https:\/\/agora.xtec.cat\/escferreriguardiagranollers\/wp-json\/wp\/v2\/categories?post=1929"},{"taxonomy":"post_tag","embeddable":true,"href":"https:\/\/agora.xtec.cat\/escferreriguardiagranollers\/wp-json\/wp\/v2\/tags?post=1929"}],"curies":[{"name":"wp","href":"https:\/\/api.w.org\/{rel}","templated":true}]}}