{"id":1748,"date":"2017-07-03T00:11:28","date_gmt":"2017-07-02T22:11:28","guid":{"rendered":"http:\/\/agora.xtec.cat\/escferreriguardiagranollers\/?p=1748"},"modified":"2017-07-03T19:34:31","modified_gmt":"2017-07-03T17:34:31","slug":"1r-programa-de-radio","status":"publish","type":"post","link":"https:\/\/agora.xtec.cat\/escferreriguardiagranollers\/primaria\/5e-i-6e\/1r-programa-de-radio\/","title":{"rendered":"1r programa de r\u00e0dio"},"content":{"rendered":"<p style=\"text-align: left;\">\n<p style=\"text-align: left;\"><a href=\"http:\/\/agora.xtec.cat\/escferreriguardiagranollers\/wp-content\/uploads\/usu988\/2017\/07\/bloc-2.jpg\"><img loading=\"lazy\" decoding=\"async\" class=\"size-medium wp-image-1761\" src=\"http:\/\/agora.xtec.cat\/escferreriguardiagranollers\/wp-content\/uploads\/usu988\/2017\/07\/bloc-2-300x225.jpg\" alt=\"bloc\" width=\"300\" height=\"225\" srcset=\"https:\/\/agora.xtec.cat\/escferreriguardiagranollers\/wp-content\/uploads\/usu988\/2017\/07\/bloc-2-300x225.jpg 300w, https:\/\/agora.xtec.cat\/escferreriguardiagranollers\/wp-content\/uploads\/usu988\/2017\/07\/bloc-2-200x150.jpg 200w, https:\/\/agora.xtec.cat\/escferreriguardiagranollers\/wp-content\/uploads\/usu988\/2017\/07\/bloc-2.jpg 640w\" sizes=\"auto, (max-width: 300px) 100vw, 300px\" \/><\/a><\/p>\n<p>Amb una mica de retard sobre el previst, us deixem el nostre primer programa de r\u00e0dio d&#8217;aquest curs.<\/p>\n<p>Hi podreu escoltar l&#8217;Ibrahima Diaby, la Saida El Ghazouani i la Leyre Ferret parlant sobre el Bullying, la Coral Amaya, la X\u00e8nia Mat\u00f3 i la Ver\u00f3nica Montilla amb un informatiu ben curi\u00f3s i la Paula Corbinos i en Nicol\u00e1s Ortiz entrevistant un ex-entrenador de futbol.<\/p>\n<p>Esperem que us agradi!<\/p>\n<!--[if lt IE 9]><script>document.createElement('audio');<\/script><![endif]-->\n<audio class=\"wp-audio-shortcode\" id=\"audio-1748-1\" preload=\"none\" style=\"width: 100%;\" controls=\"controls\"><source type=\"audio\/mpeg\" src=\"http:\/\/www.ivoox.com\/1r-programa-curs-2016-2017_md_19585447_wp_1.mp3?_=1\" \/><a href=\"http:\/\/www.ivoox.com\/1r-programa-curs-2016-2017_md_19585447_wp_1.mp3\">http:\/\/www.ivoox.com\/1r-programa-curs-2016-2017_md_19585447_wp_1.mp3<\/a><\/audio>\n<p><a title=\"1r programa curs 2016-2017\" href=\"http:\/\/www.ivoox.com\/1r-programa-curs-2016-2017-audios-mp3_rf_19585447_1.html\">Ir a descargar<\/a><\/p>\n","protected":false},"excerpt":{"rendered":"<p><a href=\"http:\/\/agora.xtec.cat\/escferreriguardiagranollers\/wp-content\/uploads\/usu988\/2017\/07\/bloc-2.jpg\"><\/a><br \/>\nAmb una mica de retard sobre el previst, us deixem el nostre primer programa de r\u00e0dio d&#8217;aquest curs.<br \/>\nHi podreu escoltar l&#8217;Ibrahima Diaby, la Saida El Ghazouani i la Leyre Ferret parlant sobre el Bullying, la Coral Amaya, la X\u00e8nia Mat\u00f3 i la Ver\u00f3nica Montilla&hellip;  <a href=\"https:\/\/agora.xtec.cat\/escferreriguardiagranollers\/primaria\/5e-i-6e\/1r-programa-de-radio\/\" title=\"Read 1r programa de r\u00e0dio\">Llegeix m\u00e9s\u00bb<\/a><\/p>\n","protected":false},"author":8,"featured_media":0,"comment_status":"open","ping_status":"closed","sticky":false,"template":"","format":"standard","meta":{"_bbp_topic_count":0,"_bbp_reply_count":0,"_bbp_total_topic_count":0,"_bbp_total_reply_count":0,"_bbp_voice_count":0,"_bbp_anonymous_reply_count":0,"_bbp_topic_count_hidden":0,"_bbp_reply_count_hidden":0,"_bbp_forum_subforum_count":0,"footnotes":""},"categories":[12,37],"tags":[],"class_list":["post-1748","post","type-post","status-publish","format-standard","hentry","category-5e-i-6e","category-fem-radio"],"post_mailing_queue_ids":[],"_links":{"self":[{"href":"https:\/\/agora.xtec.cat\/escferreriguardiagranollers\/wp-json\/wp\/v2\/posts\/1748","targetHints":{"allow":["GET"]}}],"collection":[{"href":"https:\/\/agora.xtec.cat\/escferreriguardiagranollers\/wp-json\/wp\/v2\/posts"}],"about":[{"href":"https:\/\/agora.xtec.cat\/escferreriguardiagranollers\/wp-json\/wp\/v2\/types\/post"}],"author":[{"embeddable":true,"href":"https:\/\/agora.xtec.cat\/escferreriguardiagranollers\/wp-json\/wp\/v2\/users\/8"}],"replies":[{"embeddable":true,"href":"https:\/\/agora.xtec.cat\/escferreriguardiagranollers\/wp-json\/wp\/v2\/comments?post=1748"}],"version-history":[{"count":3,"href":"https:\/\/agora.xtec.cat\/escferreriguardiagranollers\/wp-json\/wp\/v2\/posts\/1748\/revisions"}],"predecessor-version":[{"id":1762,"href":"https:\/\/agora.xtec.cat\/escferreriguardiagranollers\/wp-json\/wp\/v2\/posts\/1748\/revisions\/1762"}],"wp:attachment":[{"href":"https:\/\/agora.xtec.cat\/escferreriguardiagranollers\/wp-json\/wp\/v2\/media?parent=1748"}],"wp:term":[{"taxonomy":"category","embeddable":true,"href":"https:\/\/agora.xtec.cat\/escferreriguardiagranollers\/wp-json\/wp\/v2\/categories?post=1748"},{"taxonomy":"post_tag","embeddable":true,"href":"https:\/\/agora.xtec.cat\/escferreriguardiagranollers\/wp-json\/wp\/v2\/tags?post=1748"}],"curies":[{"name":"wp","href":"https:\/\/api.w.org\/{rel}","templated":true}]}}