{"id":1735,"date":"2017-06-22T23:44:22","date_gmt":"2017-06-22T21:44:22","guid":{"rendered":"http:\/\/agora.xtec.cat\/escferreriguardiagranollers\/?p=1735"},"modified":"2017-07-06T00:02:18","modified_gmt":"2017-07-05T22:02:18","slug":"programa-de-radio","status":"publish","type":"post","link":"https:\/\/agora.xtec.cat\/escferreriguardiagranollers\/portada\/programa-de-radio\/","title":{"rendered":"Programa de R\u00e0dio Granollers"},"content":{"rendered":"<p>La setmana passada un grup d&#8217;alumnes de 6\u00e8 van anar a R\u00e0dio Granollers a enregistrar el nostre programa de r\u00e0dio d&#8217;aquest curs. Un programa en el que van parlar entre altres temes, del valor de la responsabilitat que hem treballat aquest curs, del Projecte de cinema i de la Lectura en Veu Alta.<\/p>\n<p>Si no el vareu poder escoltar en el seu moment, ho podeu fer en l&#8217;enlla\u00e7 que us deixem.<\/p>\n<p>http:\/\/www.gasl.cat\/GASL\/ArxiuProgrames\/_QAskChHdDapi24Sa4SWi7uzTgPQveSV0<\/p>\n<h4 style=\"text-align: center;\">Com heu pogut comprovar, ho van fer molt b\u00e9!<\/h4>\n","protected":false},"excerpt":{"rendered":"<p>La setmana passada un grup d&#8217;alumnes de 6\u00e8 van anar a R\u00e0dio Granollers a enregistrar el nostre programa de r\u00e0dio d&#8217;aquest curs. Un programa en el que van parlar entre altres temes, del valor de la responsabilitat que hem treballat aquest curs, del Projecte de&hellip;  <a href=\"https:\/\/agora.xtec.cat\/escferreriguardiagranollers\/portada\/programa-de-radio\/\" title=\"Read Programa de R\u00e0dio Granollers\">Llegeix m\u00e9s\u00bb<\/a><\/p>\n","protected":false},"author":8,"featured_media":1740,"comment_status":"open","ping_status":"closed","sticky":false,"template":"","format":"standard","meta":{"_bbp_topic_count":0,"_bbp_reply_count":0,"_bbp_total_topic_count":0,"_bbp_total_reply_count":0,"_bbp_voice_count":0,"_bbp_anonymous_reply_count":0,"_bbp_topic_count_hidden":0,"_bbp_reply_count_hidden":0,"_bbp_forum_subforum_count":0,"footnotes":""},"categories":[12,37,4],"tags":[],"class_list":["post-1735","post","type-post","status-publish","format-standard","has-post-thumbnail","hentry","category-5e-i-6e","category-fem-radio","category-portada"],"post_mailing_queue_ids":[],"_links":{"self":[{"href":"https:\/\/agora.xtec.cat\/escferreriguardiagranollers\/wp-json\/wp\/v2\/posts\/1735","targetHints":{"allow":["GET"]}}],"collection":[{"href":"https:\/\/agora.xtec.cat\/escferreriguardiagranollers\/wp-json\/wp\/v2\/posts"}],"about":[{"href":"https:\/\/agora.xtec.cat\/escferreriguardiagranollers\/wp-json\/wp\/v2\/types\/post"}],"author":[{"embeddable":true,"href":"https:\/\/agora.xtec.cat\/escferreriguardiagranollers\/wp-json\/wp\/v2\/users\/8"}],"replies":[{"embeddable":true,"href":"https:\/\/agora.xtec.cat\/escferreriguardiagranollers\/wp-json\/wp\/v2\/comments?post=1735"}],"version-history":[{"count":3,"href":"https:\/\/agora.xtec.cat\/escferreriguardiagranollers\/wp-json\/wp\/v2\/posts\/1735\/revisions"}],"predecessor-version":[{"id":1775,"href":"https:\/\/agora.xtec.cat\/escferreriguardiagranollers\/wp-json\/wp\/v2\/posts\/1735\/revisions\/1775"}],"wp:featuredmedia":[{"embeddable":true,"href":"https:\/\/agora.xtec.cat\/escferreriguardiagranollers\/wp-json\/wp\/v2\/media\/1740"}],"wp:attachment":[{"href":"https:\/\/agora.xtec.cat\/escferreriguardiagranollers\/wp-json\/wp\/v2\/media?parent=1735"}],"wp:term":[{"taxonomy":"category","embeddable":true,"href":"https:\/\/agora.xtec.cat\/escferreriguardiagranollers\/wp-json\/wp\/v2\/categories?post=1735"},{"taxonomy":"post_tag","embeddable":true,"href":"https:\/\/agora.xtec.cat\/escferreriguardiagranollers\/wp-json\/wp\/v2\/tags?post=1735"}],"curies":[{"name":"wp","href":"https:\/\/api.w.org\/{rel}","templated":true}]}}