{"id":1718,"date":"2017-06-03T23:22:49","date_gmt":"2017-06-03T21:22:49","guid":{"rendered":"http:\/\/agora.xtec.cat\/escferreriguardiagranollers\/?p=1718"},"modified":"2017-06-03T23:22:49","modified_gmt":"2017-06-03T21:22:49","slug":"juny-17","status":"publish","type":"post","link":"https:\/\/agora.xtec.cat\/escferreriguardiagranollers\/primaria\/5e-i-6e\/juny-17\/","title":{"rendered":"Juny &#8217;17"},"content":{"rendered":"<table style=\"width: 741px;\">\n<tbody>\n<tr>\n<td style=\"width: 735px;\">\n<h4>dimecres, 7<\/h4>\n<h4>5\u00e8 de Prim\u00e0ria: Gimcana de la dieta Mediterr\u00e0nia<\/h4>\n<p style=\"text-align: left;\"><a href=\"http:\/\/agora.xtec.cat\/escferreriguardiagranollers\/wp-content\/uploads\/usu988\/2017\/06\/baixa-6.jpg\"><img loading=\"lazy\" decoding=\"async\" class=\"size-full wp-image-1719\" src=\"http:\/\/agora.xtec.cat\/escferreriguardiagranollers\/wp-content\/uploads\/usu988\/2017\/06\/baixa-6.jpg\" alt=\"baixa (6)\" width=\"168\" height=\"299\" \/><\/a><\/p>\n<h4 style=\"text-align: left;\">6\u00e8 de Prim\u00e0ria: Enregistrament a R\u00e0dio Granollers<\/h4>\n<p style=\"text-align: left;\"><a href=\"http:\/\/agora.xtec.cat\/escferreriguardiagranollers\/wp-content\/uploads\/usu988\/2017\/06\/baixa-7.jpg\"><img loading=\"lazy\" decoding=\"async\" class=\"size-full wp-image-1720\" src=\"http:\/\/agora.xtec.cat\/escferreriguardiagranollers\/wp-content\/uploads\/usu988\/2017\/06\/baixa-7.jpg\" alt=\"baixa (7)\" width=\"275\" height=\"183\" \/><\/a><\/p>\n<\/td>\n<\/tr>\n<tr>\n<td style=\"width: 735px;\">\n<h4>dilluns, 19<\/h4>\n<h4>Possible sortida de Comiat dels alumnes de 6\u00e8<\/h4>\n<p><a href=\"http:\/\/agora.xtec.cat\/escferreriguardiagranollers\/wp-content\/uploads\/usu988\/2017\/06\/baixa-9.jpg\"><img loading=\"lazy\" decoding=\"async\" class=\"size-full wp-image-1721 alignleft\" src=\"http:\/\/agora.xtec.cat\/escferreriguardiagranollers\/wp-content\/uploads\/usu988\/2017\/06\/baixa-9.jpg\" alt=\"baixa (9)\" width=\"259\" height=\"194\" srcset=\"https:\/\/agora.xtec.cat\/escferreriguardiagranollers\/wp-content\/uploads\/usu988\/2017\/06\/baixa-9.jpg 259w, https:\/\/agora.xtec.cat\/escferreriguardiagranollers\/wp-content\/uploads\/usu988\/2017\/06\/baixa-9-200x150.jpg 200w\" sizes=\"auto, (max-width: 259px) 100vw, 259px\" \/><\/a><\/td>\n<\/tr>\n<tr>\n<td style=\"width: 735px;\">\n<h4>dimarts, 20<\/h4>\n<h4>Comiat dels alumnes de 6\u00e8<\/h4>\n<p><a href=\"http:\/\/agora.xtec.cat\/escferreriguardiagranollers\/wp-content\/uploads\/usu988\/2017\/06\/baixa-10.jpg\"><img loading=\"lazy\" decoding=\"async\" class=\"size-full wp-image-1722 alignleft\" src=\"http:\/\/agora.xtec.cat\/escferreriguardiagranollers\/wp-content\/uploads\/usu988\/2017\/06\/baixa-10.jpg\" alt=\"baixa (10)\" width=\"281\" height=\"179\" \/><\/a><a href=\"http:\/\/agora.xtec.cat\/escferreriguardiagranollers\/wp-content\/uploads\/usu988\/2017\/06\/images-3.jpg\"><img loading=\"lazy\" decoding=\"async\" class=\"aligncenter size-full wp-image-1723\" src=\"http:\/\/agora.xtec.cat\/escferreriguardiagranollers\/wp-content\/uploads\/usu988\/2017\/06\/images-3.jpg\" alt=\"images (3)\" width=\"225\" height=\"225\" srcset=\"https:\/\/agora.xtec.cat\/escferreriguardiagranollers\/wp-content\/uploads\/usu988\/2017\/06\/images-3.jpg 225w, https:\/\/agora.xtec.cat\/escferreriguardiagranollers\/wp-content\/uploads\/usu988\/2017\/06\/images-3-150x150.jpg 150w\" sizes=\"auto, (max-width: 225px) 100vw, 225px\" \/><\/a><\/td>\n<\/tr>\n<tr>\n<td style=\"width: 735px;\">\n<h4>dimecres, 21<\/h4>\n<h4>Festa de Fi de curs<\/h4>\n<p><a href=\"http:\/\/agora.xtec.cat\/escferreriguardiagranollers\/wp-content\/uploads\/usu988\/2017\/06\/images-5.jpg\"><img loading=\"lazy\" decoding=\"async\" class=\"size-full wp-image-1724 alignleft\" src=\"http:\/\/agora.xtec.cat\/escferreriguardiagranollers\/wp-content\/uploads\/usu988\/2017\/06\/images-5.jpg\" alt=\"images (5)\" width=\"246\" height=\"205\" \/><\/a><\/td>\n<\/tr>\n<tr>\n<td style=\"width: 735px;\">\n<h4>\u00a0divendres, 23<\/h4>\n<h4>Lliurament d&#8217;informes<\/h4>\n<p><a href=\"http:\/\/agora.xtec.cat\/escferreriguardiagranollers\/wp-content\/uploads\/usu988\/2017\/06\/baixa-17.jpg\"><img loading=\"lazy\" decoding=\"async\" class=\"size-medium wp-image-1725 alignleft\" src=\"http:\/\/agora.xtec.cat\/escferreriguardiagranollers\/wp-content\/uploads\/usu988\/2017\/06\/baixa-17-300x150.jpg\" alt=\"baixa (17)\" width=\"300\" height=\"150\" srcset=\"https:\/\/agora.xtec.cat\/escferreriguardiagranollers\/wp-content\/uploads\/usu988\/2017\/06\/baixa-17-300x150.jpg 300w, https:\/\/agora.xtec.cat\/escferreriguardiagranollers\/wp-content\/uploads\/usu988\/2017\/06\/baixa-17.jpg 317w\" sizes=\"auto, (max-width: 300px) 100vw, 300px\" \/><\/a><\/td>\n<\/tr>\n<\/tbody>\n<\/table>\n","protected":false},"excerpt":{"rendered":"<p>Activitats que els alumnes de Cicle Superior farem en aquest \u00faltim mes de curs.&hellip;  <a href=\"https:\/\/agora.xtec.cat\/escferreriguardiagranollers\/primaria\/5e-i-6e\/juny-17\/\" title=\"Read Juny &#8217;17\">Llegeix m\u00e9s\u00bb<\/a><\/p>\n","protected":false},"author":8,"featured_media":1413,"comment_status":"open","ping_status":"closed","sticky":false,"template":"","format":"standard","meta":{"_bbp_topic_count":0,"_bbp_reply_count":0,"_bbp_total_topic_count":0,"_bbp_total_reply_count":0,"_bbp_voice_count":0,"_bbp_anonymous_reply_count":0,"_bbp_topic_count_hidden":0,"_bbp_reply_count_hidden":0,"_bbp_forum_subforum_count":0,"footnotes":""},"categories":[12],"tags":[],"class_list":["post-1718","post","type-post","status-publish","format-standard","has-post-thumbnail","hentry","category-5e-i-6e"],"post_mailing_queue_ids":[],"_links":{"self":[{"href":"https:\/\/agora.xtec.cat\/escferreriguardiagranollers\/wp-json\/wp\/v2\/posts\/1718","targetHints":{"allow":["GET"]}}],"collection":[{"href":"https:\/\/agora.xtec.cat\/escferreriguardiagranollers\/wp-json\/wp\/v2\/posts"}],"about":[{"href":"https:\/\/agora.xtec.cat\/escferreriguardiagranollers\/wp-json\/wp\/v2\/types\/post"}],"author":[{"embeddable":true,"href":"https:\/\/agora.xtec.cat\/escferreriguardiagranollers\/wp-json\/wp\/v2\/users\/8"}],"replies":[{"embeddable":true,"href":"https:\/\/agora.xtec.cat\/escferreriguardiagranollers\/wp-json\/wp\/v2\/comments?post=1718"}],"version-history":[{"count":2,"href":"https:\/\/agora.xtec.cat\/escferreriguardiagranollers\/wp-json\/wp\/v2\/posts\/1718\/revisions"}],"predecessor-version":[{"id":1727,"href":"https:\/\/agora.xtec.cat\/escferreriguardiagranollers\/wp-json\/wp\/v2\/posts\/1718\/revisions\/1727"}],"wp:featuredmedia":[{"embeddable":true,"href":"https:\/\/agora.xtec.cat\/escferreriguardiagranollers\/wp-json\/wp\/v2\/media\/1413"}],"wp:attachment":[{"href":"https:\/\/agora.xtec.cat\/escferreriguardiagranollers\/wp-json\/wp\/v2\/media?parent=1718"}],"wp:term":[{"taxonomy":"category","embeddable":true,"href":"https:\/\/agora.xtec.cat\/escferreriguardiagranollers\/wp-json\/wp\/v2\/categories?post=1718"},{"taxonomy":"post_tag","embeddable":true,"href":"https:\/\/agora.xtec.cat\/escferreriguardiagranollers\/wp-json\/wp\/v2\/tags?post=1718"}],"curies":[{"name":"wp","href":"https:\/\/api.w.org\/{rel}","templated":true}]}}