{"id":1682,"date":"2017-05-09T19:41:30","date_gmt":"2017-05-09T17:41:30","guid":{"rendered":"http:\/\/agora.xtec.cat\/escferreriguardiagranollers\/?p=1682"},"modified":"2017-05-09T19:57:20","modified_gmt":"2017-05-09T17:57:20","slug":"larbre-de-les-qualitats","status":"publish","type":"post","link":"https:\/\/agora.xtec.cat\/escferreriguardiagranollers\/general\/larbre-de-les-qualitats\/","title":{"rendered":"L&#8217;ARBRE DE LES QUALITATS"},"content":{"rendered":"<p>En tutoria compartida hem repassat el vocabulari que necessitem per dir qualitats personals, seguint el recurs \u201c<em>Qualitats personals<\/em>\u201d que ens ofereix Educaixa, amb la finalitat d\u2019ajudar als nens i nenes a valorar-se positivament i a \u00a0crear una imatge ajustada d\u2019ells mateixos. \u00a0Despr\u00e9s hem escrit el nostre nom i algunes qualitats que tenim en unes flors per confeccionar un arbre conjunt de cicle mitj\u00e0.<\/p>\n<p><em>I el m\u00e9s important \u00e9s que ens hem adonat que cada persona t\u00e9 unes QUALITATS que el fan diferent a la resta. Per\u00f2, hem descobert que el conjunt de totes les nostres qualitats pot enriquir el treball cooperatiu\u00a0 i fomentar\u00a0 l\u2019aprenentatge a l\u2019aula.<\/em><\/p>\n<p>Mireu que bonic que han quedat!<\/p>\n<p><a href=\"http:\/\/agora.xtec.cat\/escferreriguardiagranollers\/wp-content\/uploads\/usu988\/2017\/05\/qualitat1.jpg\"><img loading=\"lazy\" decoding=\"async\" class=\"alignleft wp-image-1684 size-medium\" src=\"http:\/\/agora.xtec.cat\/escferreriguardiagranollers\/wp-content\/uploads\/usu988\/2017\/05\/qualitat1-300x169.jpg\" alt=\"qualitat1\" width=\"300\" height=\"169\" srcset=\"https:\/\/agora.xtec.cat\/escferreriguardiagranollers\/wp-content\/uploads\/usu988\/2017\/05\/qualitat1-300x169.jpg 300w, https:\/\/agora.xtec.cat\/escferreriguardiagranollers\/wp-content\/uploads\/usu988\/2017\/05\/qualitat1-768x432.jpg 768w, https:\/\/agora.xtec.cat\/escferreriguardiagranollers\/wp-content\/uploads\/usu988\/2017\/05\/qualitat1-1024x575.jpg 1024w\" sizes=\"auto, (max-width: 300px) 100vw, 300px\" \/><\/a><a href=\"http:\/\/agora.xtec.cat\/escferreriguardiagranollers\/wp-content\/uploads\/usu988\/2017\/05\/qualitat2.jpg\"><img loading=\"lazy\" decoding=\"async\" class=\"alignleft wp-image-1685 size-medium\" src=\"http:\/\/agora.xtec.cat\/escferreriguardiagranollers\/wp-content\/uploads\/usu988\/2017\/05\/qualitat2-169x300.jpg\" alt=\"qualitat2\" width=\"169\" height=\"300\" srcset=\"https:\/\/agora.xtec.cat\/escferreriguardiagranollers\/wp-content\/uploads\/usu988\/2017\/05\/qualitat2-169x300.jpg 169w, https:\/\/agora.xtec.cat\/escferreriguardiagranollers\/wp-content\/uploads\/usu988\/2017\/05\/qualitat2-768x1367.jpg 768w, https:\/\/agora.xtec.cat\/escferreriguardiagranollers\/wp-content\/uploads\/usu988\/2017\/05\/qualitat2-575x1024.jpg 575w\" sizes=\"auto, (max-width: 169px) 100vw, 169px\" \/><\/a><a href=\"http:\/\/agora.xtec.cat\/escferreriguardiagranollers\/wp-content\/uploads\/usu988\/2017\/05\/qualitat5.jpg\"><img loading=\"lazy\" decoding=\"async\" class=\"alignleft wp-image-1688 size-medium\" src=\"http:\/\/agora.xtec.cat\/escferreriguardiagranollers\/wp-content\/uploads\/usu988\/2017\/05\/qualitat5-169x300.jpg\" alt=\"qualitat5\" width=\"169\" height=\"300\" srcset=\"https:\/\/agora.xtec.cat\/escferreriguardiagranollers\/wp-content\/uploads\/usu988\/2017\/05\/qualitat5-169x300.jpg 169w, https:\/\/agora.xtec.cat\/escferreriguardiagranollers\/wp-content\/uploads\/usu988\/2017\/05\/qualitat5-768x1367.jpg 768w, https:\/\/agora.xtec.cat\/escferreriguardiagranollers\/wp-content\/uploads\/usu988\/2017\/05\/qualitat5-575x1024.jpg 575w, https:\/\/agora.xtec.cat\/escferreriguardiagranollers\/wp-content\/uploads\/usu988\/2017\/05\/qualitat5.jpg 1890w\" sizes=\"auto, (max-width: 169px) 100vw, 169px\" \/><\/a><\/p>\n<p>&nbsp;<\/p>\n<p>&nbsp;<\/p>\n<p>&nbsp;<\/p>\n<p>&nbsp;<\/p>\n<p>&nbsp;<\/p>\n<p>&nbsp;<\/p>\n","protected":false},"excerpt":{"rendered":"<p>En tutoria compartida hem repassat el vocabulari que necessitem per dir qualitats personals, seguint el recurs \u201cQualitats personals\u201d que ens ofereix Educaixa, amb la finalitat d\u2019ajudar als nens i nenes a valorar-se positivament i a \u00a0crear una imatge ajustada d\u2019ells mateixos. \u00a0Despr\u00e9s hem escrit el&hellip;  <a href=\"https:\/\/agora.xtec.cat\/escferreriguardiagranollers\/general\/larbre-de-les-qualitats\/\" title=\"Read L&#8217;ARBRE DE LES QUALITATS\">Llegeix m\u00e9s\u00bb<\/a><\/p>\n","protected":false},"author":7,"featured_media":1693,"comment_status":"open","ping_status":"open","sticky":false,"template":"","format":"standard","meta":{"_bbp_topic_count":0,"_bbp_reply_count":0,"_bbp_total_topic_count":0,"_bbp_total_reply_count":0,"_bbp_voice_count":0,"_bbp_anonymous_reply_count":0,"_bbp_topic_count_hidden":0,"_bbp_reply_count_hidden":0,"_bbp_forum_subforum_count":0,"footnotes":""},"categories":[1],"tags":[],"class_list":["post-1682","post","type-post","status-publish","format-standard","has-post-thumbnail","hentry","category-general"],"post_mailing_queue_ids":[],"_links":{"self":[{"href":"https:\/\/agora.xtec.cat\/escferreriguardiagranollers\/wp-json\/wp\/v2\/posts\/1682","targetHints":{"allow":["GET"]}}],"collection":[{"href":"https:\/\/agora.xtec.cat\/escferreriguardiagranollers\/wp-json\/wp\/v2\/posts"}],"about":[{"href":"https:\/\/agora.xtec.cat\/escferreriguardiagranollers\/wp-json\/wp\/v2\/types\/post"}],"author":[{"embeddable":true,"href":"https:\/\/agora.xtec.cat\/escferreriguardiagranollers\/wp-json\/wp\/v2\/users\/7"}],"replies":[{"embeddable":true,"href":"https:\/\/agora.xtec.cat\/escferreriguardiagranollers\/wp-json\/wp\/v2\/comments?post=1682"}],"version-history":[{"count":3,"href":"https:\/\/agora.xtec.cat\/escferreriguardiagranollers\/wp-json\/wp\/v2\/posts\/1682\/revisions"}],"predecessor-version":[{"id":1692,"href":"https:\/\/agora.xtec.cat\/escferreriguardiagranollers\/wp-json\/wp\/v2\/posts\/1682\/revisions\/1692"}],"wp:featuredmedia":[{"embeddable":true,"href":"https:\/\/agora.xtec.cat\/escferreriguardiagranollers\/wp-json\/wp\/v2\/media\/1693"}],"wp:attachment":[{"href":"https:\/\/agora.xtec.cat\/escferreriguardiagranollers\/wp-json\/wp\/v2\/media?parent=1682"}],"wp:term":[{"taxonomy":"category","embeddable":true,"href":"https:\/\/agora.xtec.cat\/escferreriguardiagranollers\/wp-json\/wp\/v2\/categories?post=1682"},{"taxonomy":"post_tag","embeddable":true,"href":"https:\/\/agora.xtec.cat\/escferreriguardiagranollers\/wp-json\/wp\/v2\/tags?post=1682"}],"curies":[{"name":"wp","href":"https:\/\/api.w.org\/{rel}","templated":true}]}}