{"id":1650,"date":"2017-04-22T15:54:50","date_gmt":"2017-04-22T13:54:50","guid":{"rendered":"http:\/\/agora.xtec.cat\/escferreriguardiagranollers\/?p=1650"},"modified":"2017-04-22T16:07:21","modified_gmt":"2017-04-22T14:07:21","slug":"imove","status":"publish","type":"post","link":"https:\/\/agora.xtec.cat\/escferreriguardiagranollers\/general\/imove\/","title":{"rendered":"IMOVE"},"content":{"rendered":"<p>Els nens i nenes de 3r i 4t. estan participant en un projecte pilot molt engrescador. Es diu \u201cIMOVE\u201d i volem que tothom ho conegui.<\/p>\n<p>Ha estat desenvolupat per un grup d\u2019investigadors de la Unitat de Recerca per a la Promoci\u00f3 de la Salut del Centre Steno de Diabetis, en col\u00b7laboraci\u00f3 amb el Departament per a la Inf\u00e0ncia i la Joventut de la ciutat de Copenhaguen.<\/p>\n<p>\u00c9s un programa educatiu que combina les matem\u00e0tiques i la salut. L\u2019objectiu \u00e9s fer que els alumnes entenguin que el moviment \u00e9s part de la vida quotidiana i alhora ajudar-los a mantenir-se f\u00edsicament actius cada dia, aix\u00ed com tamb\u00e9 millorar la seva comprensi\u00f3 matem\u00e0tica i la seva capacitat d\u2019aplicar l\u2019estad\u00edstica<\/p>\n<p>Els alumnes s\u2019involucren recollint les seves pr\u00f2pies dades durant una setmana i a la setmana seg\u00fcent treballant amb els resultats obtinguts com a material de dades estad\u00edstiques durant les classes de matem\u00e0tiques i reflexionen sobre els seus patrons de moviment, els patrons de la seva classe i la import\u00e0ncia de l\u2019estructura de la jornada escolar.<\/p>\n<p>M\u00e9s endavant, us anirem informant de tots els resultats aconseguits.<\/p>\n<p><a href=\"http:\/\/agora.xtec.cat\/escferreriguardiagranollers\/wp-content\/uploads\/usu988\/2017\/04\/IMG_7164.jpg\"><img loading=\"lazy\" decoding=\"async\" class=\"aligncenter wp-image-1652 size-large\" src=\"http:\/\/agora.xtec.cat\/escferreriguardiagranollers\/wp-content\/uploads\/usu988\/2017\/04\/IMG_7164-1024x575.jpg\" alt=\"IMG_7164\" width=\"1024\" height=\"575\" srcset=\"https:\/\/agora.xtec.cat\/escferreriguardiagranollers\/wp-content\/uploads\/usu988\/2017\/04\/IMG_7164-1024x575.jpg 1024w, https:\/\/agora.xtec.cat\/escferreriguardiagranollers\/wp-content\/uploads\/usu988\/2017\/04\/IMG_7164-300x169.jpg 300w, https:\/\/agora.xtec.cat\/escferreriguardiagranollers\/wp-content\/uploads\/usu988\/2017\/04\/IMG_7164-768x432.jpg 768w\" sizes=\"auto, (max-width: 1024px) 100vw, 1024px\" \/><\/a><\/p>\n","protected":false},"excerpt":{"rendered":"<p>Els nens i nenes de 3r i 4t. estan participant en un projecte pilot molt engrescador. Es diu \u201cIMOVE\u201d i volem que tothom ho conegui.<br \/>\nHa estat desenvolupat per un grup d\u2019investigadors de la Unitat de Recerca per a la Promoci\u00f3 de la Salut del Centre&hellip;  <a href=\"https:\/\/agora.xtec.cat\/escferreriguardiagranollers\/general\/imove\/\" title=\"Read IMOVE\">Llegeix m\u00e9s\u00bb<\/a><\/p>\n","protected":false},"author":7,"featured_media":1653,"comment_status":"open","ping_status":"open","sticky":false,"template":"","format":"standard","meta":{"_bbp_topic_count":0,"_bbp_reply_count":0,"_bbp_total_topic_count":0,"_bbp_total_reply_count":0,"_bbp_voice_count":0,"_bbp_anonymous_reply_count":0,"_bbp_topic_count_hidden":0,"_bbp_reply_count_hidden":0,"_bbp_forum_subforum_count":0,"footnotes":""},"categories":[1],"tags":[],"class_list":["post-1650","post","type-post","status-publish","format-standard","has-post-thumbnail","hentry","category-general"],"post_mailing_queue_ids":[],"_links":{"self":[{"href":"https:\/\/agora.xtec.cat\/escferreriguardiagranollers\/wp-json\/wp\/v2\/posts\/1650","targetHints":{"allow":["GET"]}}],"collection":[{"href":"https:\/\/agora.xtec.cat\/escferreriguardiagranollers\/wp-json\/wp\/v2\/posts"}],"about":[{"href":"https:\/\/agora.xtec.cat\/escferreriguardiagranollers\/wp-json\/wp\/v2\/types\/post"}],"author":[{"embeddable":true,"href":"https:\/\/agora.xtec.cat\/escferreriguardiagranollers\/wp-json\/wp\/v2\/users\/7"}],"replies":[{"embeddable":true,"href":"https:\/\/agora.xtec.cat\/escferreriguardiagranollers\/wp-json\/wp\/v2\/comments?post=1650"}],"version-history":[{"count":1,"href":"https:\/\/agora.xtec.cat\/escferreriguardiagranollers\/wp-json\/wp\/v2\/posts\/1650\/revisions"}],"predecessor-version":[{"id":1654,"href":"https:\/\/agora.xtec.cat\/escferreriguardiagranollers\/wp-json\/wp\/v2\/posts\/1650\/revisions\/1654"}],"wp:featuredmedia":[{"embeddable":true,"href":"https:\/\/agora.xtec.cat\/escferreriguardiagranollers\/wp-json\/wp\/v2\/media\/1653"}],"wp:attachment":[{"href":"https:\/\/agora.xtec.cat\/escferreriguardiagranollers\/wp-json\/wp\/v2\/media?parent=1650"}],"wp:term":[{"taxonomy":"category","embeddable":true,"href":"https:\/\/agora.xtec.cat\/escferreriguardiagranollers\/wp-json\/wp\/v2\/categories?post=1650"},{"taxonomy":"post_tag","embeddable":true,"href":"https:\/\/agora.xtec.cat\/escferreriguardiagranollers\/wp-json\/wp\/v2\/tags?post=1650"}],"curies":[{"name":"wp","href":"https:\/\/api.w.org\/{rel}","templated":true}]}}