{"id":1534,"date":"2017-04-02T22:48:41","date_gmt":"2017-04-02T20:48:41","guid":{"rendered":"http:\/\/agora.xtec.cat\/escferreriguardiagranollers\/?p=1534"},"modified":"2017-04-06T23:56:01","modified_gmt":"2017-04-06T21:56:01","slug":"abril17","status":"publish","type":"post","link":"https:\/\/agora.xtec.cat\/escferreriguardiagranollers\/general\/abril17\/","title":{"rendered":"ABRIL &#8217;17"},"content":{"rendered":"<table style=\"height: 176px;\" width=\"742\">\n<tbody>\n<tr>\n<td style=\"width: 736px;\">\n<h4>dimarts, 4<\/h4>\n<h4>6\u00e8 de Prim\u00e0ria: Ens visita el director de cinema AGUST\u00cd COROMINAS<\/h4>\n<p style=\"text-align: left;\"><a href=\"http:\/\/agora.xtec.cat\/escferreriguardiagranollers\/wp-content\/uploads\/usu988\/2017\/04\/AGUSTI-COROMINAS.jpg\"><img loading=\"lazy\" decoding=\"async\" class=\"size-full wp-image-1535 aligncenter\" src=\"http:\/\/agora.xtec.cat\/escferreriguardiagranollers\/wp-content\/uploads\/usu988\/2017\/04\/AGUSTI-COROMINAS.jpg\" alt=\"AGUSTI COROMINAS\" width=\"210\" height=\"157\" srcset=\"https:\/\/agora.xtec.cat\/escferreriguardiagranollers\/wp-content\/uploads\/usu988\/2017\/04\/AGUSTI-COROMINAS.jpg 210w, https:\/\/agora.xtec.cat\/escferreriguardiagranollers\/wp-content\/uploads\/usu988\/2017\/04\/AGUSTI-COROMINAS-200x150.jpg 200w\" sizes=\"auto, (max-width: 210px) 100vw, 210px\" \/><\/a><\/p>\n<\/td>\n<\/tr>\n<tr>\n<td style=\"width: 736px;\">\n<h4>dimecres, 5<\/h4>\n<h4>5\u00e8 i 6\u00e8 de Prim\u00e0ria: Anem a escoltar el grup coral IN CRESCENDO<\/h4>\n<p><a href=\"http:\/\/agora.xtec.cat\/escferreriguardiagranollers\/wp-content\/uploads\/usu988\/2017\/04\/baixa-23.jpg\"><img loading=\"lazy\" decoding=\"async\" class=\"size-medium wp-image-1536 aligncenter\" src=\"http:\/\/agora.xtec.cat\/escferreriguardiagranollers\/wp-content\/uploads\/usu988\/2017\/04\/baixa-23-300x154.jpg\" alt=\"baixa (23)\" width=\"300\" height=\"154\" srcset=\"https:\/\/agora.xtec.cat\/escferreriguardiagranollers\/wp-content\/uploads\/usu988\/2017\/04\/baixa-23-300x154.jpg 300w, https:\/\/agora.xtec.cat\/escferreriguardiagranollers\/wp-content\/uploads\/usu988\/2017\/04\/baixa-23.jpg 314w\" sizes=\"auto, (max-width: 300px) 100vw, 300px\" \/><\/a><\/td>\n<\/tr>\n<tr>\n<td style=\"width: 736px;\">\n<h4>dijous, 6<\/h4>\n<h4>6\u00e8 de Prim\u00e0ria: Anem a veure l&#8217;obra de teatre dels nostres fillols de 1r<\/h4>\n<p><a href=\"http:\/\/agora.xtec.cat\/escferreriguardiagranollers\/wp-content\/uploads\/usu988\/2017\/04\/images-4.jpg\"><img loading=\"lazy\" decoding=\"async\" class=\"aligncenter size-medium wp-image-1537\" src=\"http:\/\/agora.xtec.cat\/escferreriguardiagranollers\/wp-content\/uploads\/usu988\/2017\/04\/images-4-300x80.jpg\" alt=\"images (4)\" width=\"300\" height=\"80\" srcset=\"https:\/\/agora.xtec.cat\/escferreriguardiagranollers\/wp-content\/uploads\/usu988\/2017\/04\/images-4-300x80.jpg 300w, https:\/\/agora.xtec.cat\/escferreriguardiagranollers\/wp-content\/uploads\/usu988\/2017\/04\/images-4.jpg 434w\" sizes=\"auto, (max-width: 300px) 100vw, 300px\" \/><\/a><\/td>\n<\/tr>\n<tr>\n<td style=\"width: 736px;\">\n<h4>Del dissabte 8 al dilluns 17<\/h4>\n<h4>Vacances de Setmana Santa<\/h4>\n<p><a href=\"http:\/\/agora.xtec.cat\/escferreriguardiagranollers\/wp-content\/uploads\/usu988\/2017\/04\/baixa-25.jpg\"><img loading=\"lazy\" decoding=\"async\" class=\"aligncenter size-full wp-image-1538\" src=\"http:\/\/agora.xtec.cat\/escferreriguardiagranollers\/wp-content\/uploads\/usu988\/2017\/04\/baixa-25.jpg\" alt=\"baixa (25)\" width=\"284\" height=\"177\" \/><\/a><\/td>\n<\/tr>\n<tr>\n<td style=\"width: 736px;\">\n<h4>dimarts, 18<\/h4>\n<h4>6\u00e8 de Prim\u00e0ria: Taller d&#8217;art : Paco Merino<\/h4>\n<p><a href=\"http:\/\/agora.xtec.cat\/escferreriguardiagranollers\/wp-content\/uploads\/usu988\/2017\/04\/baixa-26.jpg\"><img loading=\"lazy\" decoding=\"async\" class=\"aligncenter size-full wp-image-1539\" src=\"http:\/\/agora.xtec.cat\/escferreriguardiagranollers\/wp-content\/uploads\/usu988\/2017\/04\/baixa-26.jpg\" alt=\"baixa (26)\" width=\"268\" height=\"188\" \/><\/a><\/td>\n<\/tr>\n<tr>\n<td style=\"width: 736px;\">\n<h4>dimarts, 25<\/h4>\n<h4>Celebrem Sant Jordi<\/h4>\n<p><a href=\"http:\/\/agora.xtec.cat\/escferreriguardiagranollers\/wp-content\/uploads\/usu988\/2017\/04\/baixa-27.jpg\"><img loading=\"lazy\" decoding=\"async\" class=\"aligncenter size-full wp-image-1540\" src=\"http:\/\/agora.xtec.cat\/escferreriguardiagranollers\/wp-content\/uploads\/usu988\/2017\/04\/baixa-27.jpg\" alt=\"baixa (27)\" width=\"247\" height=\"204\" \/><\/a><\/td>\n<\/tr>\n<\/tbody>\n<\/table>\n","protected":false},"excerpt":{"rendered":"<p>dimarts, 4<br \/>\n6\u00e8 de Prim\u00e0ria: Ens visita el director de cinema AGUST\u00cd COROMINAS<br \/>\n<a href=\"http:\/\/agora.xtec.cat\/escferreriguardiagranollers\/wp-content\/uploads\/usu988\/2017\/04\/AGUSTI-COROMINAS.jpg\"><\/a><\/p>\n<p>dimecres, 5<br \/>\n5\u00e8 i 6\u00e8 de Prim\u00e0ria: Anem a escoltar el grup coral IN CRESCENDO<br \/>\n<a href=\"http:\/\/agora.xtec.cat\/escferreriguardiagranollers\/wp-content\/uploads\/usu988\/2017\/04\/baixa-23.jpg\"><\/a><\/p>\n<p>dijous, 6<br \/>\n6\u00e8 de Prim\u00e0ria: Anem a veure l&#8217;obra de teatre dels nostres fillols de 1r<br \/>\n<a href=\"http:\/\/agora.xtec.cat\/escferreriguardiagranollers\/wp-content\/uploads\/usu988\/2017\/04\/images-4.jpg\"><\/a><\/p>\n<p>Del dissabte 8 al&hellip;  <a href=\"https:\/\/agora.xtec.cat\/escferreriguardiagranollers\/general\/abril17\/\" title=\"Read ABRIL &#8217;17\">Llegeix m\u00e9s\u00bb<\/a><\/p>\n","protected":false},"author":8,"featured_media":1413,"comment_status":"open","ping_status":"open","sticky":false,"template":"","format":"standard","meta":{"_bbp_topic_count":0,"_bbp_reply_count":0,"_bbp_total_topic_count":0,"_bbp_total_reply_count":0,"_bbp_voice_count":0,"_bbp_anonymous_reply_count":0,"_bbp_topic_count_hidden":0,"_bbp_reply_count_hidden":0,"_bbp_forum_subforum_count":0,"footnotes":""},"categories":[12,1],"tags":[],"class_list":["post-1534","post","type-post","status-publish","format-standard","has-post-thumbnail","hentry","category-5e-i-6e","category-general"],"post_mailing_queue_ids":[],"_links":{"self":[{"href":"https:\/\/agora.xtec.cat\/escferreriguardiagranollers\/wp-json\/wp\/v2\/posts\/1534","targetHints":{"allow":["GET"]}}],"collection":[{"href":"https:\/\/agora.xtec.cat\/escferreriguardiagranollers\/wp-json\/wp\/v2\/posts"}],"about":[{"href":"https:\/\/agora.xtec.cat\/escferreriguardiagranollers\/wp-json\/wp\/v2\/types\/post"}],"author":[{"embeddable":true,"href":"https:\/\/agora.xtec.cat\/escferreriguardiagranollers\/wp-json\/wp\/v2\/users\/8"}],"replies":[{"embeddable":true,"href":"https:\/\/agora.xtec.cat\/escferreriguardiagranollers\/wp-json\/wp\/v2\/comments?post=1534"}],"version-history":[{"count":3,"href":"https:\/\/agora.xtec.cat\/escferreriguardiagranollers\/wp-json\/wp\/v2\/posts\/1534\/revisions"}],"predecessor-version":[{"id":1544,"href":"https:\/\/agora.xtec.cat\/escferreriguardiagranollers\/wp-json\/wp\/v2\/posts\/1534\/revisions\/1544"}],"wp:featuredmedia":[{"embeddable":true,"href":"https:\/\/agora.xtec.cat\/escferreriguardiagranollers\/wp-json\/wp\/v2\/media\/1413"}],"wp:attachment":[{"href":"https:\/\/agora.xtec.cat\/escferreriguardiagranollers\/wp-json\/wp\/v2\/media?parent=1534"}],"wp:term":[{"taxonomy":"category","embeddable":true,"href":"https:\/\/agora.xtec.cat\/escferreriguardiagranollers\/wp-json\/wp\/v2\/categories?post=1534"},{"taxonomy":"post_tag","embeddable":true,"href":"https:\/\/agora.xtec.cat\/escferreriguardiagranollers\/wp-json\/wp\/v2\/tags?post=1534"}],"curies":[{"name":"wp","href":"https:\/\/api.w.org\/{rel}","templated":true}]}}