{"id":1507,"date":"2017-03-10T12:51:59","date_gmt":"2017-03-10T11:51:59","guid":{"rendered":"http:\/\/agora.xtec.cat\/escferreriguardiagranollers\/?p=1507"},"modified":"2017-03-10T12:58:32","modified_gmt":"2017-03-10T11:58:32","slug":"english-day","status":"publish","type":"post","link":"https:\/\/agora.xtec.cat\/escferreriguardiagranollers\/portada\/english-day\/","title":{"rendered":"ENGLISH DAY"},"content":{"rendered":"\n<p>El dijous 2 de mar\u00e7 vam celebrar l&#8217;English Day.<\/p>\n<p>Les activitats principals van ser:<\/p>\n<ul>\n<li>L&#8217;obra de teatre representada pels nens i nenes de 4t &#8220;Els M\u00fasics de Bremen&#8221;<\/li>\n<li>Visualitzaci\u00f3 de curts subtitulats en angl\u00e8s a la Sala de Cinema Ferrer i Gu\u00e0rdia.<\/li>\n<\/ul>\n<p>Va ser un \u00e8xit!!!<\/p>\n<p>&nbsp;<\/p>\n\n","protected":false},"excerpt":{"rendered":"<p>El dijous 2 de mar\u00e7 vam celebrar l&#8217;English Day.<br \/>\nLes activitats principals van ser:<\/p>\n<ul>\n<li>L&#8217;obra de teatre representada pels nens i nenes de 4t &#8220;Els M\u00fasics de Bremen&#8221;<\/li>\n<li>Visualitzaci\u00f3 de curts subtitulats en angl\u00e8s a la Sala de Cinema Ferrer i Gu\u00e0rdia.<\/li>\n<\/ul>\n<p>Va ser un \u00e8xit!!!<br \/>\n&nbsp;<\/p>\n","protected":false},"author":1,"featured_media":0,"comment_status":"open","ping_status":"open","sticky":false,"template":"","format":"standard","meta":{"_bbp_topic_count":0,"_bbp_reply_count":0,"_bbp_total_topic_count":0,"_bbp_total_reply_count":0,"_bbp_voice_count":0,"_bbp_anonymous_reply_count":0,"_bbp_topic_count_hidden":0,"_bbp_reply_count_hidden":0,"_bbp_forum_subforum_count":0,"footnotes":""},"categories":[4],"tags":[],"class_list":["post-1507","post","type-post","status-publish","format-standard","hentry","category-portada"],"post_mailing_queue_ids":[],"_links":{"self":[{"href":"https:\/\/agora.xtec.cat\/escferreriguardiagranollers\/wp-json\/wp\/v2\/posts\/1507","targetHints":{"allow":["GET"]}}],"collection":[{"href":"https:\/\/agora.xtec.cat\/escferreriguardiagranollers\/wp-json\/wp\/v2\/posts"}],"about":[{"href":"https:\/\/agora.xtec.cat\/escferreriguardiagranollers\/wp-json\/wp\/v2\/types\/post"}],"author":[{"embeddable":true,"href":"https:\/\/agora.xtec.cat\/escferreriguardiagranollers\/wp-json\/wp\/v2\/users\/1"}],"replies":[{"embeddable":true,"href":"https:\/\/agora.xtec.cat\/escferreriguardiagranollers\/wp-json\/wp\/v2\/comments?post=1507"}],"version-history":[{"count":2,"href":"https:\/\/agora.xtec.cat\/escferreriguardiagranollers\/wp-json\/wp\/v2\/posts\/1507\/revisions"}],"predecessor-version":[{"id":1510,"href":"https:\/\/agora.xtec.cat\/escferreriguardiagranollers\/wp-json\/wp\/v2\/posts\/1507\/revisions\/1510"}],"wp:attachment":[{"href":"https:\/\/agora.xtec.cat\/escferreriguardiagranollers\/wp-json\/wp\/v2\/media?parent=1507"}],"wp:term":[{"taxonomy":"category","embeddable":true,"href":"https:\/\/agora.xtec.cat\/escferreriguardiagranollers\/wp-json\/wp\/v2\/categories?post=1507"},{"taxonomy":"post_tag","embeddable":true,"href":"https:\/\/agora.xtec.cat\/escferreriguardiagranollers\/wp-json\/wp\/v2\/tags?post=1507"}],"curies":[{"name":"wp","href":"https:\/\/api.w.org\/{rel}","templated":true}]}}