{"id":1491,"date":"2017-03-01T20:45:15","date_gmt":"2017-03-01T19:45:15","guid":{"rendered":"http:\/\/agora.xtec.cat\/escferreriguardiagranollers\/?p=1491"},"modified":"2017-03-05T18:37:47","modified_gmt":"2017-03-05T17:37:47","slug":"marc-17","status":"publish","type":"post","link":"https:\/\/agora.xtec.cat\/escferreriguardiagranollers\/primaria\/5e-i-6e\/marc-17\/","title":{"rendered":"MAR\u00c7 &#8217;17"},"content":{"rendered":"<table style=\"width: 740px; height: 129px;\">\n<tbody>\n<tr style=\"height: 184px;\">\n<td style=\"width: 734px; height: 184px;\">\n<h3>dijous, 2<\/h3>\n<h3><a href=\"http:\/\/agora.xtec.cat\/escferreriguardiagranollers\/wp-content\/uploads\/usu988\/2017\/03\/baixa-1.png\"><img loading=\"lazy\" decoding=\"async\" class=\"size-medium wp-image-1492 alignleft\" src=\"http:\/\/agora.xtec.cat\/escferreriguardiagranollers\/wp-content\/uploads\/usu988\/2017\/03\/baixa-1-300x80.png\" alt=\"baixa-1\" width=\"300\" height=\"80\" srcset=\"https:\/\/agora.xtec.cat\/escferreriguardiagranollers\/wp-content\/uploads\/usu988\/2017\/03\/baixa-1-300x80.png 300w, https:\/\/agora.xtec.cat\/escferreriguardiagranollers\/wp-content\/uploads\/usu988\/2017\/03\/baixa-1.png 435w\" sizes=\"auto, (max-width: 300px) 100vw, 300px\" \/><\/a><\/h3>\n<\/td>\n<\/tr>\n<tr style=\"height: 420px;\">\n<td style=\"width: 734px; height: 420px;\">\n<h3>dimecres,8<\/h3>\n<h3>dijous, 9<\/h3>\n<h3>divendres, 10<\/h3>\n<h3>Col\u00f2nies a El Collell a prop de Banyoles<\/h3>\n<p><a href=\"http:\/\/agora.xtec.cat\/escferreriguardiagranollers\/wp-content\/uploads\/usu988\/2017\/03\/baixa-20.jpg\"><img loading=\"lazy\" decoding=\"async\" class=\"size-full wp-image-1493 alignleft\" src=\"http:\/\/agora.xtec.cat\/escferreriguardiagranollers\/wp-content\/uploads\/usu988\/2017\/03\/baixa-20.jpg\" alt=\"baixa-20\" width=\"274\" height=\"184\" \/><\/a><\/p>\n<p>&nbsp;<\/p>\n<p>&nbsp;<\/p>\n<p>&nbsp;<\/p>\n<p>&nbsp;<\/p>\n<p>&nbsp;<\/p>\n<h3>Trobareu m\u00e9s informaci\u00f3 en aquest enlla\u00e7:<\/h3>\n<h3>http:\/\/www.elcollell.cat\/<\/h3>\n<\/td>\n<\/tr>\n<tr style=\"height: 73px;\">\n<td style=\"width: 734px; height: 73px;\">\n<h3>dilluns, 13<\/h3>\n<h3>Certamen Literari de la Biblioteca de Can Pedrals<\/h3>\n<p style=\"text-align: left;\"><a href=\"http:\/\/agora.xtec.cat\/escferreriguardiagranollers\/wp-content\/uploads\/usu988\/2017\/03\/baixa-22.jpg\"><img loading=\"lazy\" decoding=\"async\" class=\"size-full wp-image-1497\" src=\"http:\/\/agora.xtec.cat\/escferreriguardiagranollers\/wp-content\/uploads\/usu988\/2017\/03\/baixa-22.jpg\" alt=\"baixa-22\" width=\"266\" height=\"189\" \/><\/a><\/p>\n<h3 style=\"text-align: left;\">Enguany ens hi representaran la Liliana Panadero i la Luc\u00eda Casti\u00f1eira de 5\u00e8 i en Diego Gonz\u00e1lez i l&#8217;Alejandro Mu\u00f1oz de 6\u00e8.<\/h3>\n<\/td>\n<\/tr>\n<tr style=\"height: 73px;\">\n<td style=\"width: 734px; height: 73px;\">&nbsp;<\/p>\n<h3>divendres, 24<\/h3>\n<h3>Quarts de Final del XIII Certamen de Lectura en Veu Alta\u00a0a l&#8217;IES Antoni Cumella de Granollers.<\/h3>\n<p><a href=\"http:\/\/agora.xtec.cat\/escferreriguardiagranollers\/wp-content\/uploads\/usu988\/2017\/03\/baixa-2.png\"><img loading=\"lazy\" decoding=\"async\" class=\"size-full wp-image-1495 alignleft\" src=\"http:\/\/agora.xtec.cat\/escferreriguardiagranollers\/wp-content\/uploads\/usu988\/2017\/03\/baixa-2.png\" alt=\"baixa-2\" width=\"225\" height=\"225\" srcset=\"https:\/\/agora.xtec.cat\/escferreriguardiagranollers\/wp-content\/uploads\/usu988\/2017\/03\/baixa-2.png 225w, https:\/\/agora.xtec.cat\/escferreriguardiagranollers\/wp-content\/uploads\/usu988\/2017\/03\/baixa-2-150x150.png 150w\" sizes=\"auto, (max-width: 225px) 100vw, 225px\" \/><\/a><\/p>\n<p>&nbsp;<\/p>\n<p>&nbsp;<\/p>\n<p>&nbsp;<\/p>\n<p>&nbsp;<\/p>\n<p>&nbsp;<\/p>\n<p>&nbsp;<\/p>\n<h3>Ens hi representaran la X\u00e8nia Mat\u00f3 de 6\u00e8 i l&#8217;Albert Fust\u00e9 de 5\u00e8,\u00a0que ja s&#8217;estan preparant per fer-ho molt b\u00e9.<\/h3>\n<\/td>\n<\/tr>\n<\/tbody>\n<\/table>\n","protected":false},"excerpt":{"rendered":"<p>Activitats destacades que farem al llarg d&#8217;aquest mes de mar\u00e7 els alumnes de Cicle Superior.&hellip;  <a href=\"https:\/\/agora.xtec.cat\/escferreriguardiagranollers\/primaria\/5e-i-6e\/marc-17\/\" title=\"Read MAR\u00c7 &#8217;17\">Llegeix m\u00e9s\u00bb<\/a><\/p>\n","protected":false},"author":8,"featured_media":1413,"comment_status":"open","ping_status":"open","sticky":false,"template":"","format":"standard","meta":{"_bbp_topic_count":0,"_bbp_reply_count":0,"_bbp_total_topic_count":0,"_bbp_total_reply_count":0,"_bbp_voice_count":0,"_bbp_anonymous_reply_count":0,"_bbp_topic_count_hidden":0,"_bbp_reply_count_hidden":0,"_bbp_forum_subforum_count":0,"footnotes":""},"categories":[12],"tags":[],"class_list":["post-1491","post","type-post","status-publish","format-standard","has-post-thumbnail","hentry","category-5e-i-6e"],"post_mailing_queue_ids":[],"_links":{"self":[{"href":"https:\/\/agora.xtec.cat\/escferreriguardiagranollers\/wp-json\/wp\/v2\/posts\/1491","targetHints":{"allow":["GET"]}}],"collection":[{"href":"https:\/\/agora.xtec.cat\/escferreriguardiagranollers\/wp-json\/wp\/v2\/posts"}],"about":[{"href":"https:\/\/agora.xtec.cat\/escferreriguardiagranollers\/wp-json\/wp\/v2\/types\/post"}],"author":[{"embeddable":true,"href":"https:\/\/agora.xtec.cat\/escferreriguardiagranollers\/wp-json\/wp\/v2\/users\/8"}],"replies":[{"embeddable":true,"href":"https:\/\/agora.xtec.cat\/escferreriguardiagranollers\/wp-json\/wp\/v2\/comments?post=1491"}],"version-history":[{"count":4,"href":"https:\/\/agora.xtec.cat\/escferreriguardiagranollers\/wp-json\/wp\/v2\/posts\/1491\/revisions"}],"predecessor-version":[{"id":1505,"href":"https:\/\/agora.xtec.cat\/escferreriguardiagranollers\/wp-json\/wp\/v2\/posts\/1491\/revisions\/1505"}],"wp:featuredmedia":[{"embeddable":true,"href":"https:\/\/agora.xtec.cat\/escferreriguardiagranollers\/wp-json\/wp\/v2\/media\/1413"}],"wp:attachment":[{"href":"https:\/\/agora.xtec.cat\/escferreriguardiagranollers\/wp-json\/wp\/v2\/media?parent=1491"}],"wp:term":[{"taxonomy":"category","embeddable":true,"href":"https:\/\/agora.xtec.cat\/escferreriguardiagranollers\/wp-json\/wp\/v2\/categories?post=1491"},{"taxonomy":"post_tag","embeddable":true,"href":"https:\/\/agora.xtec.cat\/escferreriguardiagranollers\/wp-json\/wp\/v2\/tags?post=1491"}],"curies":[{"name":"wp","href":"https:\/\/api.w.org\/{rel}","templated":true}]}}