{"id":1404,"date":"2017-01-17T17:57:27","date_gmt":"2017-01-17T16:57:27","guid":{"rendered":"http:\/\/agora.xtec.cat\/escferreriguardiagranollers\/?p=1404"},"modified":"2017-01-17T18:07:00","modified_gmt":"2017-01-17T17:07:00","slug":"gener17","status":"publish","type":"post","link":"https:\/\/agora.xtec.cat\/escferreriguardiagranollers\/primaria\/5e-i-6e\/gener17\/","title":{"rendered":"GENER&#8217;17"},"content":{"rendered":"<table style=\"height: 999px;\" width=\"739\">\n<tbody>\n<tr>\n<td><strong>dilluns, 9<\/strong><\/p>\n<p><strong>Tornem de vacances!<\/strong><\/p>\n<p><a href=\"http:\/\/agora.xtec.cat\/escferreriguardiagranollers\/wp-content\/uploads\/usu988\/2017\/01\/images.jpg\"><img loading=\"lazy\" decoding=\"async\" class=\"size-full wp-image-1405 alignleft\" src=\"http:\/\/agora.xtec.cat\/escferreriguardiagranollers\/wp-content\/uploads\/usu988\/2017\/01\/images.jpg\" alt=\"images\" width=\"275\" height=\"183\" \/><\/a><\/td>\n<\/tr>\n<tr>\n<td><strong>Del dia 9 al dia 16<\/strong><\/p>\n<p><strong>6\u00e8 de Prim\u00e0ria: Educaci\u00f3 Vi\u00e0ria<\/strong><\/p>\n<p><a href=\"http:\/\/agora.xtec.cat\/escferreriguardiagranollers\/wp-content\/uploads\/usu988\/2017\/01\/baixa-3.jpg\"><img loading=\"lazy\" decoding=\"async\" class=\"alignleft size-full wp-image-1407\" src=\"http:\/\/agora.xtec.cat\/escferreriguardiagranollers\/wp-content\/uploads\/usu988\/2017\/01\/baixa-3.jpg\" alt=\"baixa-3\" width=\"263\" height=\"192\" \/><\/a><\/td>\n<\/tr>\n<tr>\n<td><strong>dimecres,11<\/strong><\/p>\n<p><strong>5\u00e8 de Prim\u00e0ria: <\/strong><strong>Activitat FOTOLLIBRES al Museu Central de Granollers<\/strong><\/p>\n<p><a href=\"http:\/\/agora.xtec.cat\/escferreriguardiagranollers\/wp-content\/uploads\/usu988\/2017\/01\/baixa-2.jpg\"><img loading=\"lazy\" decoding=\"async\" class=\"alignleft size-full wp-image-1406\" src=\"http:\/\/agora.xtec.cat\/escferreriguardiagranollers\/wp-content\/uploads\/usu988\/2017\/01\/baixa-2.jpg\" alt=\"baixa-2\" width=\"259\" height=\"194\" srcset=\"https:\/\/agora.xtec.cat\/escferreriguardiagranollers\/wp-content\/uploads\/usu988\/2017\/01\/baixa-2.jpg 259w, https:\/\/agora.xtec.cat\/escferreriguardiagranollers\/wp-content\/uploads\/usu988\/2017\/01\/baixa-2-200x150.jpg 200w\" sizes=\"auto, (max-width: 259px) 100vw, 259px\" \/><\/a><\/td>\n<\/tr>\n<tr>\n<td><strong>Dimecres, 17<\/strong><\/p>\n<p><strong>Reuni\u00f3 de pares de 5\u00e8 de Prim\u00e0ria<\/strong><\/p>\n<p><a href=\"http:\/\/agora.xtec.cat\/escferreriguardiagranollers\/wp-content\/uploads\/usu988\/2017\/01\/baixa-5.jpg\"><img loading=\"lazy\" decoding=\"async\" class=\"alignleft size-full wp-image-1410\" src=\"http:\/\/agora.xtec.cat\/escferreriguardiagranollers\/wp-content\/uploads\/usu988\/2017\/01\/baixa-5.jpg\" alt=\"baixa-5\" width=\"266\" height=\"189\" \/><\/a><\/p>\n<p>&nbsp;<\/p>\n<p>&nbsp;<\/p>\n<p><strong>Us hi esperem a totes i tots!<\/strong><\/td>\n<\/tr>\n<tr>\n<td><strong>Del dia 17 al dia 23<\/strong><\/p>\n<p><strong>5\u00e8 de Prim\u00e0ria: Educaci\u00f3 Vi\u00e0ria<\/strong><\/p>\n<p><a href=\"http:\/\/agora.xtec.cat\/escferreriguardiagranollers\/wp-content\/uploads\/usu988\/2017\/01\/baixa-4.jpg\"><img loading=\"lazy\" decoding=\"async\" class=\"alignleft size-medium wp-image-1408\" src=\"http:\/\/agora.xtec.cat\/escferreriguardiagranollers\/wp-content\/uploads\/usu988\/2017\/01\/baixa-4-300x156.jpg\" alt=\"baixa-4\" width=\"300\" height=\"156\" srcset=\"https:\/\/agora.xtec.cat\/escferreriguardiagranollers\/wp-content\/uploads\/usu988\/2017\/01\/baixa-4-300x156.jpg 300w, https:\/\/agora.xtec.cat\/escferreriguardiagranollers\/wp-content\/uploads\/usu988\/2017\/01\/baixa-4.jpg 311w\" sizes=\"auto, (max-width: 300px) 100vw, 300px\" \/><\/a><\/td>\n<\/tr>\n<tr>\n<td><strong>Dimecres, 25<\/strong><\/p>\n<p><strong>6\u00e8 de Prim\u00e0ria: <\/strong><strong>Activitat FOTOLLIBRES al Museu Central de Granollers<\/strong><\/p>\n<p><a href=\"http:\/\/agora.xtec.cat\/escferreriguardiagranollers\/wp-content\/uploads\/usu988\/2017\/01\/baixa-6.jpg\"><img loading=\"lazy\" decoding=\"async\" class=\"alignleft size-full wp-image-1411\" src=\"http:\/\/agora.xtec.cat\/escferreriguardiagranollers\/wp-content\/uploads\/usu988\/2017\/01\/baixa-6.jpg\" alt=\"baixa-6\" width=\"259\" height=\"194\" srcset=\"https:\/\/agora.xtec.cat\/escferreriguardiagranollers\/wp-content\/uploads\/usu988\/2017\/01\/baixa-6.jpg 259w, https:\/\/agora.xtec.cat\/escferreriguardiagranollers\/wp-content\/uploads\/usu988\/2017\/01\/baixa-6-200x150.jpg 200w\" sizes=\"auto, (max-width: 259px) 100vw, 259px\" \/><\/a><\/td>\n<\/tr>\n<tr>\n<td><strong>Dijous, 26<\/strong><\/p>\n<p><strong>Reuni\u00f3 de pares de 6\u00e8 de Prim\u00e0ria<\/strong><\/p>\n<p><a href=\"http:\/\/agora.xtec.cat\/escferreriguardiagranollers\/wp-content\/uploads\/usu988\/2017\/01\/baixa.png\"><img loading=\"lazy\" decoding=\"async\" class=\"alignleft size-full wp-image-1409\" src=\"http:\/\/agora.xtec.cat\/escferreriguardiagranollers\/wp-content\/uploads\/usu988\/2017\/01\/baixa.png\" alt=\"baixa\" width=\"261\" height=\"193\" \/><\/a><\/p>\n<p><strong>\u00a0 \u00a0 <\/strong><\/p>\n<p>&nbsp;<\/p>\n<p><strong>Us hi esperem a totes i tots!<\/strong><\/td>\n<\/tr>\n<tr>\n<td><strong>DIMARTS 31 DE GENER DE 2017 DE 18H A 20H a la sala d&#8217;actes del Museu de Ci\u00e8ncies Naturals la Tela (C. Palaud\u00e0ries, 102)<\/strong><\/p>\n<p><strong><em>Xerrada &#8220;El viatge de prim\u00e0ria a secund\u00e0ria&#8221;\u00a0<\/em><\/strong><\/p>\n<p><a href=\"http:\/\/agora.xtec.cat\/escferreriguardiagranollers\/wp-content\/uploads\/usu988\/2017\/01\/baixa-7.jpg\"><img loading=\"lazy\" decoding=\"async\" class=\"alignleft size-full wp-image-1412\" src=\"http:\/\/agora.xtec.cat\/escferreriguardiagranollers\/wp-content\/uploads\/usu988\/2017\/01\/baixa-7.jpg\" alt=\"baixa-7\" width=\"259\" height=\"194\" srcset=\"https:\/\/agora.xtec.cat\/escferreriguardiagranollers\/wp-content\/uploads\/usu988\/2017\/01\/baixa-7.jpg 259w, https:\/\/agora.xtec.cat\/escferreriguardiagranollers\/wp-content\/uploads\/usu988\/2017\/01\/baixa-7-200x150.jpg 200w\" sizes=\"auto, (max-width: 259px) 100vw, 259px\" \/><\/a><\/p>\n<p>&nbsp;<\/p>\n<p><strong>Recomanat per a pares i mares de Cicle Superior!<\/strong><\/p>\n<p>&nbsp;<\/p>\n<p><strong>Inscripcions fins el 27 de gener a: www.granollers.cat\/educacio\/viatgeprimariasecundaria<\/strong><\/td>\n<\/tr>\n<\/tbody>\n<\/table>\n","protected":false},"excerpt":{"rendered":"<p>Detall de les activitats que els alumnes de 5\u00e8 i 6\u00e8 de Prim\u00e0ria farem durant aquest mes de gener.&hellip;  <a href=\"https:\/\/agora.xtec.cat\/escferreriguardiagranollers\/primaria\/5e-i-6e\/gener17\/\" title=\"Read GENER&#8217;17\">Llegeix m\u00e9s\u00bb<\/a><\/p>\n","protected":false},"author":8,"featured_media":1413,"comment_status":"open","ping_status":"open","sticky":false,"template":"","format":"standard","meta":{"_bbp_topic_count":0,"_bbp_reply_count":0,"_bbp_total_topic_count":0,"_bbp_total_reply_count":0,"_bbp_voice_count":0,"_bbp_anonymous_reply_count":0,"_bbp_topic_count_hidden":0,"_bbp_reply_count_hidden":0,"_bbp_forum_subforum_count":0,"footnotes":""},"categories":[12],"tags":[],"class_list":["post-1404","post","type-post","status-publish","format-standard","has-post-thumbnail","hentry","category-5e-i-6e"],"post_mailing_queue_ids":[],"_links":{"self":[{"href":"https:\/\/agora.xtec.cat\/escferreriguardiagranollers\/wp-json\/wp\/v2\/posts\/1404","targetHints":{"allow":["GET"]}}],"collection":[{"href":"https:\/\/agora.xtec.cat\/escferreriguardiagranollers\/wp-json\/wp\/v2\/posts"}],"about":[{"href":"https:\/\/agora.xtec.cat\/escferreriguardiagranollers\/wp-json\/wp\/v2\/types\/post"}],"author":[{"embeddable":true,"href":"https:\/\/agora.xtec.cat\/escferreriguardiagranollers\/wp-json\/wp\/v2\/users\/8"}],"replies":[{"embeddable":true,"href":"https:\/\/agora.xtec.cat\/escferreriguardiagranollers\/wp-json\/wp\/v2\/comments?post=1404"}],"version-history":[{"count":3,"href":"https:\/\/agora.xtec.cat\/escferreriguardiagranollers\/wp-json\/wp\/v2\/posts\/1404\/revisions"}],"predecessor-version":[{"id":1418,"href":"https:\/\/agora.xtec.cat\/escferreriguardiagranollers\/wp-json\/wp\/v2\/posts\/1404\/revisions\/1418"}],"wp:featuredmedia":[{"embeddable":true,"href":"https:\/\/agora.xtec.cat\/escferreriguardiagranollers\/wp-json\/wp\/v2\/media\/1413"}],"wp:attachment":[{"href":"https:\/\/agora.xtec.cat\/escferreriguardiagranollers\/wp-json\/wp\/v2\/media?parent=1404"}],"wp:term":[{"taxonomy":"category","embeddable":true,"href":"https:\/\/agora.xtec.cat\/escferreriguardiagranollers\/wp-json\/wp\/v2\/categories?post=1404"},{"taxonomy":"post_tag","embeddable":true,"href":"https:\/\/agora.xtec.cat\/escferreriguardiagranollers\/wp-json\/wp\/v2\/tags?post=1404"}],"curies":[{"name":"wp","href":"https:\/\/api.w.org\/{rel}","templated":true}]}}