{"id":1362,"date":"2016-12-16T19:23:31","date_gmt":"2016-12-16T18:23:31","guid":{"rendered":"http:\/\/agora.xtec.cat\/escferreriguardiagranollers\/?p=1362"},"modified":"2016-12-16T19:30:44","modified_gmt":"2016-12-16T18:30:44","slug":"ja-arriba-nadal","status":"publish","type":"post","link":"https:\/\/agora.xtec.cat\/escferreriguardiagranollers\/general\/ja-arriba-nadal\/","title":{"rendered":"Ja arriba Nadal!"},"content":{"rendered":"<p>Ja fa dies que des de l\u2019escola estem preparant el Nadal; la tapa d\u2019\u00e0lbum trimestral, la felicitaci\u00f3 pels pares, l\u2019arbre , el poema que direm davant de tota la fam\u00edlia, la can\u00e7\u00f3 del Concert &#8230;<\/p>\n<p>Per\u00f2, aquest any ha estat una mica especial, i tots els nens i nenes han participat en la decoraci\u00f3 de la nostra escola amb un bonic treball: decorar boles de Nadal.<\/p>\n<p>Des del principi, ens va agradar molt la idea i els resultats han estat fant\u00e0stics. Gr\u00e0cies nens i nenes.<\/p>\n<p>I vosaltres pares i mares, qu\u00e8 en penseu?<\/p>\n<p style=\"text-align: center;\"><strong><a href=\"http:\/\/agora.xtec.cat\/escferreriguardiagranollers\/wp-content\/uploads\/usu988\/2016\/12\/Nadal-11.jpg\"><img loading=\"lazy\" decoding=\"async\" class=\" wp-image-1357 aligncenter\" src=\"http:\/\/agora.xtec.cat\/escferreriguardiagranollers\/wp-content\/uploads\/usu988\/2016\/12\/Nadal-11-150x150.jpg\" alt=\"nadal-11\" width=\"270\" height=\"270\" srcset=\"https:\/\/agora.xtec.cat\/escferreriguardiagranollers\/wp-content\/uploads\/usu988\/2016\/12\/Nadal-11-150x150.jpg 150w, https:\/\/agora.xtec.cat\/escferreriguardiagranollers\/wp-content\/uploads\/usu988\/2016\/12\/Nadal-11-300x300.jpg 300w, https:\/\/agora.xtec.cat\/escferreriguardiagranollers\/wp-content\/uploads\/usu988\/2016\/12\/Nadal-11-768x768.jpg 768w, https:\/\/agora.xtec.cat\/escferreriguardiagranollers\/wp-content\/uploads\/usu988\/2016\/12\/Nadal-11-1024x1024.jpg 1024w\" sizes=\"auto, (max-width: 270px) 100vw, 270px\" \/><\/a><span style=\"text-decoration: underline;\">Bones Festes I Feli\u00e7 Any Nou per a tothom!<\/span><\/strong><\/p>\n","protected":false},"excerpt":{"rendered":"<p>Ja fa dies que des de l\u2019escola estem preparant el Nadal; la tapa d\u2019\u00e0lbum trimestral, la felicitaci\u00f3 pels pares, l\u2019arbre , el poema que direm davant de tota la fam\u00edlia, la can\u00e7\u00f3 del Concert &#8230;<br \/>\nPer\u00f2, aquest any ha estat una mica especial, i tots els&hellip;  <a href=\"https:\/\/agora.xtec.cat\/escferreriguardiagranollers\/general\/ja-arriba-nadal\/\" title=\"Read Ja arriba Nadal!\">Llegeix m\u00e9s\u00bb<\/a><\/p>\n","protected":false},"author":7,"featured_media":1364,"comment_status":"open","ping_status":"open","sticky":false,"template":"","format":"standard","meta":{"_bbp_topic_count":0,"_bbp_reply_count":0,"_bbp_total_topic_count":0,"_bbp_total_reply_count":0,"_bbp_voice_count":0,"_bbp_anonymous_reply_count":0,"_bbp_topic_count_hidden":0,"_bbp_reply_count_hidden":0,"_bbp_forum_subforum_count":0,"footnotes":""},"categories":[1],"tags":[],"class_list":["post-1362","post","type-post","status-publish","format-standard","has-post-thumbnail","hentry","category-general"],"post_mailing_queue_ids":[],"_links":{"self":[{"href":"https:\/\/agora.xtec.cat\/escferreriguardiagranollers\/wp-json\/wp\/v2\/posts\/1362","targetHints":{"allow":["GET"]}}],"collection":[{"href":"https:\/\/agora.xtec.cat\/escferreriguardiagranollers\/wp-json\/wp\/v2\/posts"}],"about":[{"href":"https:\/\/agora.xtec.cat\/escferreriguardiagranollers\/wp-json\/wp\/v2\/types\/post"}],"author":[{"embeddable":true,"href":"https:\/\/agora.xtec.cat\/escferreriguardiagranollers\/wp-json\/wp\/v2\/users\/7"}],"replies":[{"embeddable":true,"href":"https:\/\/agora.xtec.cat\/escferreriguardiagranollers\/wp-json\/wp\/v2\/comments?post=1362"}],"version-history":[{"count":3,"href":"https:\/\/agora.xtec.cat\/escferreriguardiagranollers\/wp-json\/wp\/v2\/posts\/1362\/revisions"}],"predecessor-version":[{"id":1367,"href":"https:\/\/agora.xtec.cat\/escferreriguardiagranollers\/wp-json\/wp\/v2\/posts\/1362\/revisions\/1367"}],"wp:featuredmedia":[{"embeddable":true,"href":"https:\/\/agora.xtec.cat\/escferreriguardiagranollers\/wp-json\/wp\/v2\/media\/1364"}],"wp:attachment":[{"href":"https:\/\/agora.xtec.cat\/escferreriguardiagranollers\/wp-json\/wp\/v2\/media?parent=1362"}],"wp:term":[{"taxonomy":"category","embeddable":true,"href":"https:\/\/agora.xtec.cat\/escferreriguardiagranollers\/wp-json\/wp\/v2\/categories?post=1362"},{"taxonomy":"post_tag","embeddable":true,"href":"https:\/\/agora.xtec.cat\/escferreriguardiagranollers\/wp-json\/wp\/v2\/tags?post=1362"}],"curies":[{"name":"wp","href":"https:\/\/api.w.org\/{rel}","templated":true}]}}