{"id":1273,"date":"2016-11-25T22:10:55","date_gmt":"2016-11-25T21:10:55","guid":{"rendered":"http:\/\/agora.xtec.cat\/escferreriguardiagranollers\/?p=1273"},"modified":"2016-11-30T10:35:14","modified_gmt":"2016-11-30T09:35:14","slug":"eleccions-al-consell-escolar-2","status":"publish","type":"post","link":"https:\/\/agora.xtec.cat\/escferreriguardiagranollers\/general\/eleccions-al-consell-escolar-2\/","title":{"rendered":"ELECCIONS AL CONSELL ESCOLAR"},"content":{"rendered":"<p><a href=\"http:\/\/agora.xtec.cat\/escferreriguardiagranollers\/wp-content\/uploads\/usu988\/2016\/11\/1480105637107-1-e1480108426169.jpg\"><img loading=\"lazy\" decoding=\"async\" class=\"wp-image-1274 alignnone\" src=\"http:\/\/agora.xtec.cat\/escferreriguardiagranollers\/wp-content\/uploads\/usu988\/2016\/11\/1480105637107-1-726x1024.jpg\" alt=\"1480105637107-1\" width=\"325\" height=\"458\" \/><\/a><\/p>\n<p>El proper divendres 2 de desembre es faran les votacions al Consell Escolar.<\/p>\n<p>Es presenten dues mares com a candidates a representar a les fam\u00edlies.<\/p>\n<p>S\u00f3n la M\u00f2nica Junc\u00e0 i la N\u00e0dia El Kouche.<\/p>\n<p>&nbsp;<\/p>\n<p>&nbsp;<\/p>\n","protected":false},"excerpt":{"rendered":"<p><a href=\"http:\/\/agora.xtec.cat\/escferreriguardiagranollers\/wp-content\/uploads\/usu988\/2016\/11\/1480105637107-1-e1480108426169.jpg\"><\/a><br \/>\nEl proper divendres 2 de desembre es faran les votacions al Consell Escolar.<br \/>\nEs presenten dues mares com a candidates a representar a les fam\u00edlies.<br \/>\nS\u00f3n la M\u00f2nica Junc\u00e0 i la N\u00e0dia El Kouche.<br \/>\n&nbsp;<br \/>\n&nbsp;<\/p>\n","protected":false},"author":1,"featured_media":0,"comment_status":"open","ping_status":"open","sticky":false,"template":"","format":"standard","meta":{"_bbp_topic_count":0,"_bbp_reply_count":0,"_bbp_total_topic_count":0,"_bbp_total_reply_count":0,"_bbp_voice_count":0,"_bbp_anonymous_reply_count":0,"_bbp_topic_count_hidden":0,"_bbp_reply_count_hidden":0,"_bbp_forum_subforum_count":0,"footnotes":""},"categories":[1,4],"tags":[],"class_list":["post-1273","post","type-post","status-publish","format-standard","hentry","category-general","category-portada"],"post_mailing_queue_ids":[],"_links":{"self":[{"href":"https:\/\/agora.xtec.cat\/escferreriguardiagranollers\/wp-json\/wp\/v2\/posts\/1273","targetHints":{"allow":["GET"]}}],"collection":[{"href":"https:\/\/agora.xtec.cat\/escferreriguardiagranollers\/wp-json\/wp\/v2\/posts"}],"about":[{"href":"https:\/\/agora.xtec.cat\/escferreriguardiagranollers\/wp-json\/wp\/v2\/types\/post"}],"author":[{"embeddable":true,"href":"https:\/\/agora.xtec.cat\/escferreriguardiagranollers\/wp-json\/wp\/v2\/users\/1"}],"replies":[{"embeddable":true,"href":"https:\/\/agora.xtec.cat\/escferreriguardiagranollers\/wp-json\/wp\/v2\/comments?post=1273"}],"version-history":[{"count":3,"href":"https:\/\/agora.xtec.cat\/escferreriguardiagranollers\/wp-json\/wp\/v2\/posts\/1273\/revisions"}],"predecessor-version":[{"id":1309,"href":"https:\/\/agora.xtec.cat\/escferreriguardiagranollers\/wp-json\/wp\/v2\/posts\/1273\/revisions\/1309"}],"wp:attachment":[{"href":"https:\/\/agora.xtec.cat\/escferreriguardiagranollers\/wp-json\/wp\/v2\/media?parent=1273"}],"wp:term":[{"taxonomy":"category","embeddable":true,"href":"https:\/\/agora.xtec.cat\/escferreriguardiagranollers\/wp-json\/wp\/v2\/categories?post=1273"},{"taxonomy":"post_tag","embeddable":true,"href":"https:\/\/agora.xtec.cat\/escferreriguardiagranollers\/wp-json\/wp\/v2\/tags?post=1273"}],"curies":[{"name":"wp","href":"https:\/\/api.w.org\/{rel}","templated":true}]}}