{"id":1100,"date":"2016-09-30T15:17:41","date_gmt":"2016-09-30T14:17:41","guid":{"rendered":"http:\/\/agora.xtec.cat\/escferreriguardiagranollers\/?p=1100"},"modified":"2016-09-30T15:24:25","modified_gmt":"2016-09-30T14:24:25","slug":"mares-i-pares-voluntaris","status":"publish","type":"post","link":"https:\/\/agora.xtec.cat\/escferreriguardiagranollers\/general\/mares-i-pares-voluntaris\/","title":{"rendered":"MARES I PARES VOLUNTARIS"},"content":{"rendered":"<p>Ens podem ben felicitar!<\/p>\n<p>El passat dimarts( 27-9-2016) , a la tarda, ens vam trobar una bona colla de mares (ens falten pares) i vam veure com i amb qu\u00e8 pod\u00edem ajudar a l\u2019escola.<\/p>\n<p>Vam veure tots els espais i magatzems que podem ajudar a endre\u00e7ar i millorar , i vam folrar molts llibres.<\/p>\n<p>Tamb\u00e9 vam fer el llistat de les estones que disposem i qu\u00e8 ens veiem capa\u00e7os de fer.<\/p>\n<p>A partir d\u2019ara i d\u2019acordamb les mestres, farem les propostes d\u2019ajut<\/p>\n<p>( lectures, endreces , costura, hort, biblioteca, folrar llibres, manteniment de llibres i material\u2026)<\/p>\n<p>Encara <u>ens faltaria alg\u00fa<\/u> \u00e9s per :<\/p>\n<p>&#8211;<strong>hort <\/strong>( valents \/es per les feines que requereixen for\u00e7a)<\/p>\n<p>&#8211;<strong>costura <\/strong>( s\u2019han de fer cortines a m\u00e0quina)<\/p>\n<p><strong>QUI S\u2019APUNTA<\/strong>?<\/p>\n<p>Ens trobem els dimarts a la tarda per\u00f2 si tens alguna altra estona \u201c per regalar\u201d , posa\u2019t en contacte amb la Maite (Dimarts tot el dia i divendres mat\u00ed)<\/p>\n<p><a href=\"http:\/\/agora.xtec.cat\/escferreriguardiagranollers\/wp-content\/uploads\/usu988\/2016\/09\/IMG-20160930-WA0000-2.jpg\"><img loading=\"lazy\" decoding=\"async\" class=\"alignnone wp-image-1101\" src=\"http:\/\/agora.xtec.cat\/escferreriguardiagranollers\/wp-content\/uploads\/usu988\/2016\/09\/IMG-20160930-WA0000-2.jpg\" alt=\"img-20160930-wa0000-2\" width=\"471\" height=\"302\" \/><\/a><\/p>\n","protected":false},"excerpt":{"rendered":"<p>Ens podem ben felicitar!<br \/>\nEl passat dimarts( 27-9-2016) , a la tarda, ens vam trobar una bona colla de mares (ens falten pares) i vam veure com i amb qu\u00e8 pod\u00edem ajudar a l\u2019escola.<br \/>\nVam veure tots els espais i magatzems que podem ajudar a endre\u00e7ar i&hellip;  <a href=\"https:\/\/agora.xtec.cat\/escferreriguardiagranollers\/general\/mares-i-pares-voluntaris\/\" title=\"Read MARES I PARES VOLUNTARIS\">Llegeix m\u00e9s\u00bb<\/a><\/p>\n","protected":false},"author":1,"featured_media":0,"comment_status":"open","ping_status":"open","sticky":false,"template":"","format":"standard","meta":{"_bbp_topic_count":0,"_bbp_reply_count":0,"_bbp_total_topic_count":0,"_bbp_total_reply_count":0,"_bbp_voice_count":0,"_bbp_anonymous_reply_count":0,"_bbp_topic_count_hidden":0,"_bbp_reply_count_hidden":0,"_bbp_forum_subforum_count":0,"footnotes":""},"categories":[1,4],"tags":[],"class_list":["post-1100","post","type-post","status-publish","format-standard","hentry","category-general","category-portada"],"post_mailing_queue_ids":[],"_links":{"self":[{"href":"https:\/\/agora.xtec.cat\/escferreriguardiagranollers\/wp-json\/wp\/v2\/posts\/1100","targetHints":{"allow":["GET"]}}],"collection":[{"href":"https:\/\/agora.xtec.cat\/escferreriguardiagranollers\/wp-json\/wp\/v2\/posts"}],"about":[{"href":"https:\/\/agora.xtec.cat\/escferreriguardiagranollers\/wp-json\/wp\/v2\/types\/post"}],"author":[{"embeddable":true,"href":"https:\/\/agora.xtec.cat\/escferreriguardiagranollers\/wp-json\/wp\/v2\/users\/1"}],"replies":[{"embeddable":true,"href":"https:\/\/agora.xtec.cat\/escferreriguardiagranollers\/wp-json\/wp\/v2\/comments?post=1100"}],"version-history":[{"count":1,"href":"https:\/\/agora.xtec.cat\/escferreriguardiagranollers\/wp-json\/wp\/v2\/posts\/1100\/revisions"}],"predecessor-version":[{"id":1102,"href":"https:\/\/agora.xtec.cat\/escferreriguardiagranollers\/wp-json\/wp\/v2\/posts\/1100\/revisions\/1102"}],"wp:attachment":[{"href":"https:\/\/agora.xtec.cat\/escferreriguardiagranollers\/wp-json\/wp\/v2\/media?parent=1100"}],"wp:term":[{"taxonomy":"category","embeddable":true,"href":"https:\/\/agora.xtec.cat\/escferreriguardiagranollers\/wp-json\/wp\/v2\/categories?post=1100"},{"taxonomy":"post_tag","embeddable":true,"href":"https:\/\/agora.xtec.cat\/escferreriguardiagranollers\/wp-json\/wp\/v2\/tags?post=1100"}],"curies":[{"name":"wp","href":"https:\/\/api.w.org\/{rel}","templated":true}]}}