{"id":1018,"date":"2016-09-07T19:10:54","date_gmt":"2016-09-07T18:10:54","guid":{"rendered":"http:\/\/agora.xtec.cat\/escferreriguardiagranollers\/?p=1018"},"modified":"2016-09-09T18:07:28","modified_gmt":"2016-09-09T17:07:28","slug":"benvinguts-i-benvingudes-2","status":"publish","type":"post","link":"https:\/\/agora.xtec.cat\/escferreriguardiagranollers\/general\/benvinguts-i-benvingudes-2\/","title":{"rendered":"BENVINGUTS I BENVINGUDES!"},"content":{"rendered":"<p>L&#8217;equip docent de l&#8217;Escola Ferrer i Gu\u00e0rdia us d\u00f3na la benvinguda al nou curs escolar 2016-2017, que tot just comen\u00e7a.<\/p>\n<p>Us \u00a0esperem el proper dilluns 12 de setembre a les 8,30h, amb moltes ganes i il\u00b7lusi\u00f3.<\/p>\n<p><a href=\"http:\/\/agora.xtec.cat\/escferreriguardiagranollers\/wp-content\/uploads\/usu988\/2016\/09\/benvinguts-1.png\"><img loading=\"lazy\" decoding=\"async\" class=\"wp-image-1038 aligncenter\" src=\"http:\/\/agora.xtec.cat\/escferreriguardiagranollers\/wp-content\/uploads\/usu988\/2016\/09\/benvinguts-1.png\" alt=\"benvinguts-1\" width=\"609\" height=\"279\" \/><\/a><\/p>\n<p style=\"text-align: center;\"><strong><em>\u201cTOT \u00c9S CAM\u00cd DES D\u2019ARA!\u201d ( Miquel Mart\u00ed i Pol)<\/em><\/strong><\/p>\n","protected":false},"excerpt":{"rendered":"<p>L&#8217;equip docent de l&#8217;Escola Ferrer i Gu\u00e0rdia us d\u00f3na la benvinguda al nou curs escolar 2016-2017, que tot just comen\u00e7a.<br \/>\nUs \u00a0esperem el proper dilluns 12 de setembre a les 8,30h, amb moltes ganes i il\u00b7lusi\u00f3.<br \/>\n<a href=\"http:\/\/agora.xtec.cat\/escferreriguardiagranollers\/wp-content\/uploads\/usu988\/2016\/09\/benvinguts-1.png\"><\/a><br \/>\n\u201cTOT \u00c9S CAM\u00cd DES D\u2019ARA!\u201d ( Miquel Mart\u00ed i Pol)<\/p>\n","protected":false},"author":7,"featured_media":1038,"comment_status":"open","ping_status":"open","sticky":false,"template":"","format":"standard","meta":{"_bbp_topic_count":0,"_bbp_reply_count":0,"_bbp_total_topic_count":0,"_bbp_total_reply_count":0,"_bbp_voice_count":0,"_bbp_anonymous_reply_count":0,"_bbp_topic_count_hidden":0,"_bbp_reply_count_hidden":0,"_bbp_forum_subforum_count":0,"footnotes":""},"categories":[1],"tags":[],"class_list":["post-1018","post","type-post","status-publish","format-standard","has-post-thumbnail","hentry","category-general"],"post_mailing_queue_ids":[],"_links":{"self":[{"href":"https:\/\/agora.xtec.cat\/escferreriguardiagranollers\/wp-json\/wp\/v2\/posts\/1018","targetHints":{"allow":["GET"]}}],"collection":[{"href":"https:\/\/agora.xtec.cat\/escferreriguardiagranollers\/wp-json\/wp\/v2\/posts"}],"about":[{"href":"https:\/\/agora.xtec.cat\/escferreriguardiagranollers\/wp-json\/wp\/v2\/types\/post"}],"author":[{"embeddable":true,"href":"https:\/\/agora.xtec.cat\/escferreriguardiagranollers\/wp-json\/wp\/v2\/users\/7"}],"replies":[{"embeddable":true,"href":"https:\/\/agora.xtec.cat\/escferreriguardiagranollers\/wp-json\/wp\/v2\/comments?post=1018"}],"version-history":[{"count":3,"href":"https:\/\/agora.xtec.cat\/escferreriguardiagranollers\/wp-json\/wp\/v2\/posts\/1018\/revisions"}],"predecessor-version":[{"id":1041,"href":"https:\/\/agora.xtec.cat\/escferreriguardiagranollers\/wp-json\/wp\/v2\/posts\/1018\/revisions\/1041"}],"wp:featuredmedia":[{"embeddable":true,"href":"https:\/\/agora.xtec.cat\/escferreriguardiagranollers\/wp-json\/wp\/v2\/media\/1038"}],"wp:attachment":[{"href":"https:\/\/agora.xtec.cat\/escferreriguardiagranollers\/wp-json\/wp\/v2\/media?parent=1018"}],"wp:term":[{"taxonomy":"category","embeddable":true,"href":"https:\/\/agora.xtec.cat\/escferreriguardiagranollers\/wp-json\/wp\/v2\/categories?post=1018"},{"taxonomy":"post_tag","embeddable":true,"href":"https:\/\/agora.xtec.cat\/escferreriguardiagranollers\/wp-json\/wp\/v2\/tags?post=1018"}],"curies":[{"name":"wp","href":"https:\/\/api.w.org\/{rel}","templated":true}]}}