{"id":14780,"date":"2019-05-15T14:46:09","date_gmt":"2019-05-15T12:46:09","guid":{"rendered":"http:\/\/agora.xtec.cat\/escestel\/?p=14780"},"modified":"2019-05-15T14:46:09","modified_gmt":"2019-05-15T12:46:09","slug":"familia-lectora-a-laula-de-segon-sonia-i-ona","status":"publish","type":"post","link":"https:\/\/agora.xtec.cat\/escestel\/general\/familia-lectora-a-laula-de-segon-sonia-i-ona\/","title":{"rendered":"FAM\u00cdLIA LECTORA A L&#8217;AULA DE SEGON (S\u00f2nia i Ona)"},"content":{"rendered":"<p>Avui al mat\u00ed, la S\u00f2nia i la seva filla l&#8217;Ona ens han llegit una hist\u00f2ria per fer-nos reflexionar com a persones.<\/p>\n<figure id=\"attachment_14781\" aria-describedby=\"caption-attachment-14781\" style=\"width: 1023px\" class=\"wp-caption alignnone\"><a href=\"https:\/\/agora.xtec.cat\/escestel\/wp-content\/uploads\/usu1725\/2019\/05\/IMG_20190515_091712.jpg\"><img loading=\"lazy\" decoding=\"async\" class=\"size-full wp-image-14781\" src=\"https:\/\/agora.xtec.cat\/escestel\/wp-content\/uploads\/usu1725\/2019\/05\/IMG_20190515_091712.jpg\" alt=\"\" width=\"1023\" height=\"768\" srcset=\"https:\/\/agora.xtec.cat\/escestel\/wp-content\/uploads\/usu1725\/2019\/05\/IMG_20190515_091712.jpg 1023w, https:\/\/agora.xtec.cat\/escestel\/wp-content\/uploads\/usu1725\/2019\/05\/IMG_20190515_091712-300x225.jpg 300w, https:\/\/agora.xtec.cat\/escestel\/wp-content\/uploads\/usu1725\/2019\/05\/IMG_20190515_091712-768x577.jpg 768w, https:\/\/agora.xtec.cat\/escestel\/wp-content\/uploads\/usu1725\/2019\/05\/IMG_20190515_091712-200x150.jpg 200w\" sizes=\"auto, (max-width: 1023px) 100vw, 1023px\" \/><\/a><figcaption id=\"caption-attachment-14781\" class=\"wp-caption-text\">El cap\u00edtol del llibre explicava la hist\u00f2ria de la Martina, una nena que odiava els campionats que organitzava la seva escola cada estiu; especialment, les proves d&#8217;atletisme, perqu\u00e8 sempre arribava la darrera a la meta i els seus companys se&#8217;n reien&#8230;<\/figcaption><\/figure>\n<figure id=\"attachment_14783\" aria-describedby=\"caption-attachment-14783\" style=\"width: 1023px\" class=\"wp-caption alignnone\"><a href=\"https:\/\/agora.xtec.cat\/escestel\/wp-content\/uploads\/usu1725\/2019\/05\/IMG_20190515_091617.jpg\"><img loading=\"lazy\" decoding=\"async\" class=\"size-large wp-image-14783\" src=\"https:\/\/agora.xtec.cat\/escestel\/wp-content\/uploads\/usu1725\/2019\/05\/IMG_20190515_091617.jpg\" alt=\"\" width=\"1023\" height=\"768\" srcset=\"https:\/\/agora.xtec.cat\/escestel\/wp-content\/uploads\/usu1725\/2019\/05\/IMG_20190515_091617.jpg 1023w, https:\/\/agora.xtec.cat\/escestel\/wp-content\/uploads\/usu1725\/2019\/05\/IMG_20190515_091617-300x225.jpg 300w, https:\/\/agora.xtec.cat\/escestel\/wp-content\/uploads\/usu1725\/2019\/05\/IMG_20190515_091617-768x577.jpg 768w, https:\/\/agora.xtec.cat\/escestel\/wp-content\/uploads\/usu1725\/2019\/05\/IMG_20190515_091617-200x150.jpg 200w\" sizes=\"auto, (max-width: 1023px) 100vw, 1023px\" \/><\/a><figcaption id=\"caption-attachment-14783\" class=\"wp-caption-text\">Al final del cap\u00edtol hi havia una reflexi\u00f3: &#8220;Sigmund Freud, un dels grans savis del segle passat, deia que havia estat afortunat a la seva vida perqu\u00e8 res no li va ser f\u00e0cil. Qu\u00e8 devia voler dir amb aix\u00f2?&#8221;<\/figcaption><\/figure>\n<figure id=\"attachment_14782\" aria-describedby=\"caption-attachment-14782\" style=\"width: 1023px\" class=\"wp-caption alignnone\"><a href=\"https:\/\/agora.xtec.cat\/escestel\/wp-content\/uploads\/usu1725\/2019\/05\/IMG_20190515_091720.jpg\"><img loading=\"lazy\" decoding=\"async\" class=\"size-full wp-image-14782\" src=\"https:\/\/agora.xtec.cat\/escestel\/wp-content\/uploads\/usu1725\/2019\/05\/IMG_20190515_091720.jpg\" alt=\"\" width=\"1023\" height=\"768\" srcset=\"https:\/\/agora.xtec.cat\/escestel\/wp-content\/uploads\/usu1725\/2019\/05\/IMG_20190515_091720.jpg 1023w, https:\/\/agora.xtec.cat\/escestel\/wp-content\/uploads\/usu1725\/2019\/05\/IMG_20190515_091720-300x225.jpg 300w, https:\/\/agora.xtec.cat\/escestel\/wp-content\/uploads\/usu1725\/2019\/05\/IMG_20190515_091720-768x577.jpg 768w, https:\/\/agora.xtec.cat\/escestel\/wp-content\/uploads\/usu1725\/2019\/05\/IMG_20190515_091720-200x150.jpg 200w\" sizes=\"auto, (max-width: 1023px) 100vw, 1023px\" \/><\/a><figcaption id=\"caption-attachment-14782\" class=\"wp-caption-text\"><strong>MOLTES GR\u00c0CIES!<\/strong><\/figcaption><\/figure>\n","protected":false},"excerpt":{"rendered":"<p>ESTIVILL, Eduard i DOM\u00c8NECH, Montse: Contes per cr\u00e9ixer (Hist\u00f2ries m\u00e0giques per educar amb valors), ed. Planeta, 2006<br \/>\nISBN: 9788497081788<\/p>\n","protected":false},"author":1,"featured_media":14785,"comment_status":"closed","ping_status":"closed","sticky":false,"template":"","format":"standard","meta":{"_bbp_topic_count":0,"_bbp_reply_count":0,"_bbp_total_topic_count":0,"_bbp_total_reply_count":0,"_bbp_voice_count":0,"_bbp_anonymous_reply_count":0,"_bbp_topic_count_hidden":0,"_bbp_reply_count_hidden":0,"_bbp_forum_subforum_count":0,"site-sidebar-layout":"default","site-content-layout":"","ast-site-content-layout":"","site-content-style":"default","site-sidebar-style":"default","ast-global-header-display":"","ast-banner-title-visibility":"","ast-main-header-display":"","ast-hfb-above-header-display":"","ast-hfb-below-header-display":"","ast-hfb-mobile-header-display":"","site-post-title":"","ast-breadcrumbs-content":"","ast-featured-img":"","footer-sml-layout":"","theme-transparent-header-meta":"","adv-header-id-meta":"","stick-header-meta":"","header-above-stick-meta":"","header-main-stick-meta":"","header-below-stick-meta":"","astra-migrate-meta-layouts":"default","ast-page-background-enabled":"default","ast-page-background-meta":{"desktop":{"background-color":"var(--ast-global-color-4)","background-image":"","background-repeat":"repeat","background-position":"center center","background-size":"auto","background-attachment":"scroll","background-type":"","background-media":"","overlay-type":"","overlay-color":"","overlay-opacity":"","overlay-gradient":""},"tablet":{"background-color":"","background-image":"","background-repeat":"repeat","background-position":"center center","background-size":"auto","background-attachment":"scroll","background-type":"","background-media":"","overlay-type":"","overlay-color":"","overlay-opacity":"","overlay-gradient":""},"mobile":{"background-color":"","background-image":"","background-repeat":"repeat","background-position":"center center","background-size":"auto","background-attachment":"scroll","background-type":"","background-media":"","overlay-type":"","overlay-color":"","overlay-opacity":"","overlay-gradient":""}},"ast-content-background-meta":{"desktop":{"background-color":"var(--ast-global-color-5)","background-image":"","background-repeat":"repeat","background-position":"center center","background-size":"auto","background-attachment":"scroll","background-type":"","background-media":"","overlay-type":"","overlay-color":"","overlay-opacity":"","overlay-gradient":""},"tablet":{"background-color":"var(--ast-global-color-5)","background-image":"","background-repeat":"repeat","background-position":"center center","background-size":"auto","background-attachment":"scroll","background-type":"","background-media":"","overlay-type":"","overlay-color":"","overlay-opacity":"","overlay-gradient":""},"mobile":{"background-color":"var(--ast-global-color-5)","background-image":"","background-repeat":"repeat","background-position":"center center","background-size":"auto","background-attachment":"scroll","background-type":"","background-media":"","overlay-type":"","overlay-color":"","overlay-opacity":"","overlay-gradient":""}},"footnotes":""},"categories":[11,1,5],"tags":[131,108,224,192,100],"class_list":["post-14780","post","type-post","status-publish","format-standard","has-post-thumbnail","hentry","category-2n","category-general","category-primaria","tag-aula","tag-cicle-inicial","tag-classe-de-segon","tag-familia-lectora","tag-lectura"],"post_mailing_queue_ids":[],"_links":{"self":[{"href":"https:\/\/agora.xtec.cat\/escestel\/wp-json\/wp\/v2\/posts\/14780","targetHints":{"allow":["GET"]}}],"collection":[{"href":"https:\/\/agora.xtec.cat\/escestel\/wp-json\/wp\/v2\/posts"}],"about":[{"href":"https:\/\/agora.xtec.cat\/escestel\/wp-json\/wp\/v2\/types\/post"}],"author":[{"embeddable":true,"href":"https:\/\/agora.xtec.cat\/escestel\/wp-json\/wp\/v2\/users\/1"}],"replies":[{"embeddable":true,"href":"https:\/\/agora.xtec.cat\/escestel\/wp-json\/wp\/v2\/comments?post=14780"}],"version-history":[{"count":1,"href":"https:\/\/agora.xtec.cat\/escestel\/wp-json\/wp\/v2\/posts\/14780\/revisions"}],"predecessor-version":[{"id":14786,"href":"https:\/\/agora.xtec.cat\/escestel\/wp-json\/wp\/v2\/posts\/14780\/revisions\/14786"}],"wp:featuredmedia":[{"embeddable":true,"href":"https:\/\/agora.xtec.cat\/escestel\/wp-json\/wp\/v2\/media\/14785"}],"wp:attachment":[{"href":"https:\/\/agora.xtec.cat\/escestel\/wp-json\/wp\/v2\/media?parent=14780"}],"wp:term":[{"taxonomy":"category","embeddable":true,"href":"https:\/\/agora.xtec.cat\/escestel\/wp-json\/wp\/v2\/categories?post=14780"},{"taxonomy":"post_tag","embeddable":true,"href":"https:\/\/agora.xtec.cat\/escestel\/wp-json\/wp\/v2\/tags?post=14780"}],"curies":[{"name":"wp","href":"https:\/\/api.w.org\/{rel}","templated":true}]}}