{"id":3313,"date":"2026-02-13T11:20:34","date_gmt":"2026-02-13T10:20:34","guid":{"rendered":"https:\/\/agora.xtec.cat\/escdelavila\/?p=3313"},"modified":"2026-03-02T23:08:27","modified_gmt":"2026-03-02T22:08:27","slug":"portes-obertes-2026-2027","status":"publish","type":"post","link":"https:\/\/agora.xtec.cat\/escdelavila\/portada\/portes-obertes-2026-2027\/","title":{"rendered":"PORTES OBERTES 2026-2027"},"content":{"rendered":"\n<p>Moltes gr\u00e0cies per la vostra visita; ha estat un plaer obrir-vos les portes de l&#8217;escola i agra\u00efm la vostra confian\u00e7a en voler con\u00e8ixer de primera m\u00e0 el nostre equip i el batec del nostre dia a dia. <\/p>\n\n\n\n<p>Si us ha quedat alguna pregunta o no heu pogut venir a con\u00e8ixer l&#8217;escola, no dubteu a contactar-nos:  <\/p>\n\n\n\n<p>                                                                                                                                                                        <strong>Tel\u00e8fon: 937130220 <\/strong>    <\/p>\n\n\n\n<p><strong>Correu electr\u00f2nic: a8077939@xtec.cat <\/strong>                                                                                             <\/p>\n\n\n<div class=\"wp-block-image\">\n<figure class=\"aligncenter size-large is-resized\"><a href=\"https:\/\/drive.google.com\/file\/d\/1cjl7SFxLUQlzUIeFnew0cfydLRsHEj3D\/view?usp=sharing\"><img loading=\"lazy\" decoding=\"async\" width=\"1024\" height=\"579\" src=\"https:\/\/agora.xtec.cat\/escdelavila\/wp-content\/uploads\/usu2350\/2026\/02\/obrim-1024x579.png\" alt=\"\" class=\"wp-image-3433\" style=\"width:475px;height:auto\" srcset=\"https:\/\/agora.xtec.cat\/escdelavila\/wp-content\/uploads\/usu2350\/2026\/02\/obrim-1024x579.png 1024w, https:\/\/agora.xtec.cat\/escdelavila\/wp-content\/uploads\/usu2350\/2026\/02\/obrim-300x170.png 300w, https:\/\/agora.xtec.cat\/escdelavila\/wp-content\/uploads\/usu2350\/2026\/02\/obrim-768x434.png 768w, https:\/\/agora.xtec.cat\/escdelavila\/wp-content\/uploads\/usu2350\/2026\/02\/obrim.png 1347w\" sizes=\"auto, (max-width: 1024px) 100vw, 1024px\" \/><\/a><\/figure><\/div>\n\n\n<p>Vols descobrir l&#8217;ess\u00e8ncia del nostre projecte i com vivim l&#8217;aprenentatge a l&#8217;escola? Fes clic al <em>play<\/em> i sent el batec del nostre dia a dia!. Endavant!<\/p>\n\n\n<div class=\"wp-block-image\">\n<figure class=\"aligncenter size-large is-resized\"><a href=\"https:\/\/drive.google.com\/file\/d\/1MXYnWsqdgDnRSt1JMBFTC8tNBJYr231l\/view?usp=sharing\"><img loading=\"lazy\" decoding=\"async\" width=\"1024\" height=\"571\" src=\"https:\/\/agora.xtec.cat\/escdelavila\/wp-content\/uploads\/usu2350\/2026\/02\/video-escola-1024x571.png\" alt=\"\" class=\"wp-image-3437\" style=\"width:436px;height:auto\" srcset=\"https:\/\/agora.xtec.cat\/escdelavila\/wp-content\/uploads\/usu2350\/2026\/02\/video-escola-1024x571.png 1024w, https:\/\/agora.xtec.cat\/escdelavila\/wp-content\/uploads\/usu2350\/2026\/02\/video-escola-300x167.png 300w, https:\/\/agora.xtec.cat\/escdelavila\/wp-content\/uploads\/usu2350\/2026\/02\/video-escola-768x428.png 768w, https:\/\/agora.xtec.cat\/escdelavila\/wp-content\/uploads\/usu2350\/2026\/02\/video-escola.png 1054w\" sizes=\"auto, (max-width: 1024px) 100vw, 1024px\" \/><\/a><\/figure><\/div>\n\n\n<p><\/p>\n\n\n\n<p>TOTA LA INFORMACI\u00d3 SOBRE LA PREINSCRIPCI\u00d3 A<a href=\"https:\/\/agora.xtec.cat\/escdelavila\/preinscripcio-curs-2026-2027\/\"> L&#8217;ENLLA\u00c7<\/a><\/p>\n","protected":false},"excerpt":{"rendered":"<p>Moltes gr\u00e0cies per la vostra visita; ha estat un plaer obrir-vos les portes de l&#8217;escola i agra\u00efm la vostra confian\u00e7a en voler con\u00e8ixer de primera m\u00e0 el nostre equip i el batec del nostre dia a dia. <\/p>\n<p>Si us ha quedat alguna pregunta o no&hellip;  <a href=\"https:\/\/agora.xtec.cat\/escdelavila\/portada\/portes-obertes-2026-2027\/\" title=\"Read PORTES OBERTES 2026-2027\">Llegeix m\u00e9s\u00bb<\/a><\/p>\n","protected":false},"author":1,"featured_media":0,"comment_status":"closed","ping_status":"open","sticky":false,"template":"","format":"standard","meta":{"_bbp_topic_count":0,"_bbp_reply_count":0,"_bbp_total_topic_count":0,"_bbp_total_reply_count":0,"_bbp_voice_count":0,"_bbp_anonymous_reply_count":0,"_bbp_topic_count_hidden":0,"_bbp_reply_count_hidden":0,"_bbp_forum_subforum_count":0,"footnotes":""},"categories":[4],"tags":[],"class_list":["post-3313","post","type-post","status-publish","format-standard","hentry","category-portada"],"post_mailing_queue_ids":[],"_links":{"self":[{"href":"https:\/\/agora.xtec.cat\/escdelavila\/wp-json\/wp\/v2\/posts\/3313","targetHints":{"allow":["GET"]}}],"collection":[{"href":"https:\/\/agora.xtec.cat\/escdelavila\/wp-json\/wp\/v2\/posts"}],"about":[{"href":"https:\/\/agora.xtec.cat\/escdelavila\/wp-json\/wp\/v2\/types\/post"}],"author":[{"embeddable":true,"href":"https:\/\/agora.xtec.cat\/escdelavila\/wp-json\/wp\/v2\/users\/1"}],"replies":[{"embeddable":true,"href":"https:\/\/agora.xtec.cat\/escdelavila\/wp-json\/wp\/v2\/comments?post=3313"}],"version-history":[{"count":6,"href":"https:\/\/agora.xtec.cat\/escdelavila\/wp-json\/wp\/v2\/posts\/3313\/revisions"}],"predecessor-version":[{"id":3450,"href":"https:\/\/agora.xtec.cat\/escdelavila\/wp-json\/wp\/v2\/posts\/3313\/revisions\/3450"}],"wp:attachment":[{"href":"https:\/\/agora.xtec.cat\/escdelavila\/wp-json\/wp\/v2\/media?parent=3313"}],"wp:term":[{"taxonomy":"category","embeddable":true,"href":"https:\/\/agora.xtec.cat\/escdelavila\/wp-json\/wp\/v2\/categories?post=3313"},{"taxonomy":"post_tag","embeddable":true,"href":"https:\/\/agora.xtec.cat\/escdelavila\/wp-json\/wp\/v2\/tags?post=3313"}],"curies":[{"name":"wp","href":"https:\/\/api.w.org\/{rel}","templated":true}]}}