{"id":2999,"date":"2025-11-06T22:23:52","date_gmt":"2025-11-06T21:23:52","guid":{"rendered":"https:\/\/agora.xtec.cat\/escdelavila\/?p=2999"},"modified":"2025-11-06T22:24:27","modified_gmt":"2025-11-06T21:24:27","slug":"caminada-solidaria-contra-la-leucemia-infantil","status":"publish","type":"post","link":"https:\/\/agora.xtec.cat\/escdelavila\/portada\/caminada-solidaria-contra-la-leucemia-infantil\/","title":{"rendered":"CAMINADA SOLID\u00c0RIA CONTRA LA LEUC\u00c8MIA INFANTIL"},"content":{"rendered":"\n<p>Benvolgudes fam\u00edlies,<\/p>\n\n\n\n<p>El pr\u00f2xim 28 de novembre de 2025&nbsp;celebrarem a&nbsp;l\u2019Escola de la Vila&nbsp;la&nbsp;<strong>primera caminada solid\u00e0ria contra la leuc\u00e8mia infantil<\/strong>, dins la iniciativa&nbsp;<strong>\u201cLa Vuelta al Cole \u2013 Unoentrecienmil\u201d<\/strong>.<br>L&#8217;any passat vam fer la cursa, i enguany la transformem en una caminada.<\/p>\n\n\n\n<p>La&nbsp;leuc\u00e8mia infantil&nbsp;representa el&nbsp;30% dels casos de c\u00e0ncer infantil. Cada any, a Espanya, es detecten uns&nbsp;350 nous casos, i el&nbsp;20% dels infants&nbsp;no ho supera, una xifra que no ha canviat en els darrers vint anys.<br>L\u2019\u00fanica soluci\u00f3 per revertir aquesta situaci\u00f3 \u00e9s&nbsp;invertir en investigaci\u00f3, que permeti trobar&nbsp;nous tractaments&nbsp;m\u00e9s efectius.<\/p>\n\n\n\n<p>Des del 2015,&nbsp;centenars de milers d\u2019infants&nbsp;participen cada any en aquesta iniciativa solid\u00e0ria, i&nbsp;m\u00e9s d\u2019un mili\u00f3 i mig&nbsp;ja han recaptat&nbsp;m\u00e9s de 2,3 milions d&#8217;euros&nbsp;destinats \u00edntegrament a la recerca contra la leuc\u00e8mia infantil.<\/p>\n\n\n<div class=\"wp-block-image\">\n<figure class=\"aligncenter size-full is-resized\"><a href=\"https:\/\/agora.xtec.cat\/escdelavila\/wp-content\/uploads\/usu2350\/2025\/11\/Copia-de-vertical-4.png\"><img loading=\"lazy\" decoding=\"async\" width=\"831\" height=\"845\" src=\"https:\/\/agora.xtec.cat\/escdelavila\/wp-content\/uploads\/usu2350\/2025\/11\/Copia-de-vertical-4.png\" alt=\"\" class=\"wp-image-3000\" style=\"width:261px;height:auto\" srcset=\"https:\/\/agora.xtec.cat\/escdelavila\/wp-content\/uploads\/usu2350\/2025\/11\/Copia-de-vertical-4.png 831w, https:\/\/agora.xtec.cat\/escdelavila\/wp-content\/uploads\/usu2350\/2025\/11\/Copia-de-vertical-4-295x300.png 295w, https:\/\/agora.xtec.cat\/escdelavila\/wp-content\/uploads\/usu2350\/2025\/11\/Copia-de-vertical-4-768x781.png 768w\" sizes=\"auto, (max-width: 831px) 100vw, 831px\" \/><\/a><\/figure><\/div>","protected":false},"excerpt":{"rendered":"<p>Benvolgudes fam\u00edlies,<\/p>\n<p>El pr\u00f2xim 28 de novembre de 2025&nbsp;celebrarem a&nbsp;l\u2019Escola de la Vila&nbsp;la&nbsp;primera caminada solid\u00e0ria contra la leuc\u00e8mia infantil, dins la iniciativa&nbsp;\u201cLa Vuelta al Cole \u2013 Unoentrecienmil\u201d.L&#8217;any passat vam fer la cursa, i enguany la transformem en una caminada.<\/p>\n<p>La&nbsp;leuc\u00e8mia infantil&nbsp;representa el&nbsp;30% dels casos de c\u00e0ncer infantil.&hellip;  <a href=\"https:\/\/agora.xtec.cat\/escdelavila\/portada\/caminada-solidaria-contra-la-leucemia-infantil\/\" title=\"Read CAMINADA SOLID\u00c0RIA CONTRA LA LEUC\u00c8MIA INFANTIL\">Llegeix m\u00e9s\u00bb<\/a><\/p>\n","protected":false},"author":1,"featured_media":0,"comment_status":"closed","ping_status":"open","sticky":false,"template":"","format":"standard","meta":{"_bbp_topic_count":0,"_bbp_reply_count":0,"_bbp_total_topic_count":0,"_bbp_total_reply_count":0,"_bbp_voice_count":0,"_bbp_anonymous_reply_count":0,"_bbp_topic_count_hidden":0,"_bbp_reply_count_hidden":0,"_bbp_forum_subforum_count":0,"footnotes":""},"categories":[4],"tags":[],"class_list":["post-2999","post","type-post","status-publish","format-standard","hentry","category-portada"],"post_mailing_queue_ids":[],"_links":{"self":[{"href":"https:\/\/agora.xtec.cat\/escdelavila\/wp-json\/wp\/v2\/posts\/2999","targetHints":{"allow":["GET"]}}],"collection":[{"href":"https:\/\/agora.xtec.cat\/escdelavila\/wp-json\/wp\/v2\/posts"}],"about":[{"href":"https:\/\/agora.xtec.cat\/escdelavila\/wp-json\/wp\/v2\/types\/post"}],"author":[{"embeddable":true,"href":"https:\/\/agora.xtec.cat\/escdelavila\/wp-json\/wp\/v2\/users\/1"}],"replies":[{"embeddable":true,"href":"https:\/\/agora.xtec.cat\/escdelavila\/wp-json\/wp\/v2\/comments?post=2999"}],"version-history":[{"count":2,"href":"https:\/\/agora.xtec.cat\/escdelavila\/wp-json\/wp\/v2\/posts\/2999\/revisions"}],"predecessor-version":[{"id":3002,"href":"https:\/\/agora.xtec.cat\/escdelavila\/wp-json\/wp\/v2\/posts\/2999\/revisions\/3002"}],"wp:attachment":[{"href":"https:\/\/agora.xtec.cat\/escdelavila\/wp-json\/wp\/v2\/media?parent=2999"}],"wp:term":[{"taxonomy":"category","embeddable":true,"href":"https:\/\/agora.xtec.cat\/escdelavila\/wp-json\/wp\/v2\/categories?post=2999"},{"taxonomy":"post_tag","embeddable":true,"href":"https:\/\/agora.xtec.cat\/escdelavila\/wp-json\/wp\/v2\/tags?post=2999"}],"curies":[{"name":"wp","href":"https:\/\/api.w.org\/{rel}","templated":true}]}}