{"id":704,"date":"2015-04-18T18:00:41","date_gmt":"2015-04-18T18:00:41","guid":{"rendered":"http:\/\/escolamfl.org\/?p=704"},"modified":"2015-04-18T18:00:41","modified_gmt":"2015-04-18T18:00:41","slug":"colonies-a-mas-banyeres-p5","status":"publish","type":"post","link":"https:\/\/agora.xtec.cat\/esccasablanca\/nivells\/infantil\/colonies-a-mas-banyeres-p5\/","title":{"rendered":"COL\u00d2NIES A MAS BANYERES P5"},"content":{"rendered":"<div><\/div>\n<div class=\"aLF-aPX aLF-aPX-a3n aLF-aPX-aLK-aPD-JE\">\n<div class=\"aLF-aPX-a3n-aPk\">\n<div class=\"aLF-aPX-aPk-aMh aLF-aPX-Jq-aPn\">\n<div class=\"aLF-aPX-aPF\">\n<p>Aqu\u00ed us deixem unes quantes fotografies dels infants de P5 durant les col\u00f2nies del passat mes de mar\u00e7 a la Casa de Col\u00f2nies Mas Banyeres.<\/p>\n<p>Els nens i nenes de P5 s\u2019ho van passar d\u2019all\u00f3 m\u00e9s b\u00e9, vam viure un munt d\u2019emocions. Esperem que us agradi aquest petit record \u201cde aquellos maravillosos d\u00edas\u201d.<\/p>\n<p><a href=\"https:\/\/plus.google.com\/photos\/112786114386646580865\/albums\/6136955836253752785\/6136955858381182050?hl=es&amp;pid=6136955858381182050&amp;oid=112786114386646580865\"><img loading=\"lazy\" decoding=\"async\" class=\" size-medium wp-image-705 aligncenter\" src=\"https:\/\/agora.xtec.cat\/esccasablanca\/wp-content\/uploads\/usu1964\/2015\/04\/1-6.jpg?w=225\" alt=\"1 (6)\" width=\"225\" height=\"300\" srcset=\"https:\/\/agora.xtec.cat\/esccasablanca\/wp-content\/uploads\/usu1964\/2015\/04\/1-6.jpg 1536w, https:\/\/agora.xtec.cat\/esccasablanca\/wp-content\/uploads\/usu1964\/2015\/04\/1-6-225x300.jpg 225w, https:\/\/agora.xtec.cat\/esccasablanca\/wp-content\/uploads\/usu1964\/2015\/04\/1-6-768x1024.jpg 768w\" sizes=\"auto, (max-width: 225px) 100vw, 225px\" \/><\/a><\/p>\n<div class=\"aLF-aPX-aPF-aPH aLF-aPX-aPH\">\n<div class=\"aLF-aPX-aPF-aw9 aLF-aPX-Jq-aPn aLF-aPX-aPF-aPE-auM\">\n<div class=\"aLF-aPX-aPF-aPE aLF-aPX-aPF-aPE-aPV\">\n<div class=\"aLF-aPX-aPF-aPE-aOo\"><\/div>\n<div class=\"aLF-aPX-aPF-aPE-a1J-Jz-Jw\">\n<h2 class=\"aLF-aPX-aPF-aPE-a1J-avC\"><\/h2>\n<\/div>\n<\/div>\n<\/div>\n<\/div>\n<\/div>\n<\/div>\n<\/div>\n<\/div>\n","protected":false},"excerpt":{"rendered":"<p>Aqu\u00ed us deixem unes quantes fotografies dels infants de P5 durant les col\u00f2nies del passat mes de mar\u00e7 a la Casa de Col\u00f2nies Mas Banyeres. Els nens i nenes de P5 s\u2019ho van passar d\u2019all\u00f3 m\u00e9s b\u00e9, vam viure un munt d\u2019emocions. Esperem que us agradi aquest petit record \u201cde aquellos maravillosos d\u00edas\u201d.<\/p>\n","protected":false},"author":1,"featured_media":0,"comment_status":"open","ping_status":"open","sticky":false,"template":"","format":"standard","meta":{"_bbp_topic_count":0,"_bbp_reply_count":0,"_bbp_total_topic_count":0,"_bbp_total_reply_count":0,"_bbp_voice_count":0,"_bbp_anonymous_reply_count":0,"_bbp_topic_count_hidden":0,"_bbp_reply_count_hidden":0,"_bbp_forum_subforum_count":0,"site-sidebar-layout":"default","site-content-layout":"","ast-site-content-layout":"","site-content-style":"default","site-sidebar-style":"default","ast-global-header-display":"","ast-banner-title-visibility":"","ast-main-header-display":"","ast-hfb-above-header-display":"","ast-hfb-below-header-display":"","ast-hfb-mobile-header-display":"","site-post-title":"","ast-breadcrumbs-content":"","ast-featured-img":"","footer-sml-layout":"","theme-transparent-header-meta":"","adv-header-id-meta":"","stick-header-meta":"","header-above-stick-meta":"","header-main-stick-meta":"","header-below-stick-meta":"","astra-migrate-meta-layouts":"default","ast-page-background-enabled":"default","ast-page-background-meta":{"desktop":{"background-color":"var(--ast-global-color-4)","background-image":"","background-repeat":"repeat","background-position":"center center","background-size":"auto","background-attachment":"scroll","background-type":"","background-media":"","overlay-type":"","overlay-color":"","overlay-opacity":"","overlay-gradient":""},"tablet":{"background-color":"","background-image":"","background-repeat":"repeat","background-position":"center center","background-size":"auto","background-attachment":"scroll","background-type":"","background-media":"","overlay-type":"","overlay-color":"","overlay-opacity":"","overlay-gradient":""},"mobile":{"background-color":"","background-image":"","background-repeat":"repeat","background-position":"center center","background-size":"auto","background-attachment":"scroll","background-type":"","background-media":"","overlay-type":"","overlay-color":"","overlay-opacity":"","overlay-gradient":""}},"ast-content-background-meta":{"desktop":{"background-color":"var(--ast-global-color-5)","background-image":"","background-repeat":"repeat","background-position":"center center","background-size":"auto","background-attachment":"scroll","background-type":"","background-media":"","overlay-type":"","overlay-color":"","overlay-opacity":"","overlay-gradient":""},"tablet":{"background-color":"var(--ast-global-color-5)","background-image":"","background-repeat":"repeat","background-position":"center center","background-size":"auto","background-attachment":"scroll","background-type":"","background-media":"","overlay-type":"","overlay-color":"","overlay-opacity":"","overlay-gradient":""},"mobile":{"background-color":"var(--ast-global-color-5)","background-image":"","background-repeat":"repeat","background-position":"center center","background-size":"auto","background-attachment":"scroll","background-type":"","background-media":"","overlay-type":"","overlay-color":"","overlay-opacity":"","overlay-gradient":""}},"footnotes":""},"categories":[2],"tags":[],"class_list":["post-704","post","type-post","status-publish","format-standard","hentry","category-infantil"],"post_mailing_queue_ids":[],"_links":{"self":[{"href":"https:\/\/agora.xtec.cat\/esccasablanca\/wp-json\/wp\/v2\/posts\/704","targetHints":{"allow":["GET"]}}],"collection":[{"href":"https:\/\/agora.xtec.cat\/esccasablanca\/wp-json\/wp\/v2\/posts"}],"about":[{"href":"https:\/\/agora.xtec.cat\/esccasablanca\/wp-json\/wp\/v2\/types\/post"}],"author":[{"embeddable":true,"href":"https:\/\/agora.xtec.cat\/esccasablanca\/wp-json\/wp\/v2\/users\/1"}],"replies":[{"embeddable":true,"href":"https:\/\/agora.xtec.cat\/esccasablanca\/wp-json\/wp\/v2\/comments?post=704"}],"version-history":[{"count":0,"href":"https:\/\/agora.xtec.cat\/esccasablanca\/wp-json\/wp\/v2\/posts\/704\/revisions"}],"wp:attachment":[{"href":"https:\/\/agora.xtec.cat\/esccasablanca\/wp-json\/wp\/v2\/media?parent=704"}],"wp:term":[{"taxonomy":"category","embeddable":true,"href":"https:\/\/agora.xtec.cat\/esccasablanca\/wp-json\/wp\/v2\/categories?post=704"},{"taxonomy":"post_tag","embeddable":true,"href":"https:\/\/agora.xtec.cat\/esccasablanca\/wp-json\/wp\/v2\/tags?post=704"}],"curies":[{"name":"wp","href":"https:\/\/api.w.org\/{rel}","templated":true}]}}