{"id":5614,"date":"2022-03-03T11:23:05","date_gmt":"2022-03-03T10:23:05","guid":{"rendered":"https:\/\/agora.xtec.cat\/esccasablanca\/?p=5614"},"modified":"2025-12-03T13:56:03","modified_gmt":"2025-12-03T12:56:03","slug":"tertulies-families","status":"publish","type":"post","link":"https:\/\/agora.xtec.cat\/esccasablanca\/informacions\/general\/tertulies-families\/","title":{"rendered":"Tert\u00falies fam\u00edlies"},"content":{"rendered":"<p>Ram\u00f3n Flecha, creador de les Comunitats d&#8217;Aprenentatge, investigador i catedr\u00e0tic de la Universitat de Barcelona, ens explica que s\u00f3n les tert\u00falies cient\u00edfiques:<\/p>\n<p style=\"text-align: center;\"><iframe loading=\"lazy\" title=\"YouTube video player\" src=\"\/\/www.youtube.com\/embed\/5yksCg0cXew\" width=\"560\" height=\"315\" frameborder=\"0\" allowfullscreen=\"allowfullscreen\"><\/iframe><\/p>\n<p><strong>La nostra experi\u00e8ncia:<\/strong><\/p>\n<p>Un grup de mares, mestres i exalumnes ens reunim cada quinze dies per llegir articles cient\u00edfics, formant part d&#8217;un estudi dins del projecte ALL INTERACT, projecte europeu que pret\u00e9n ampliar i diversificar la participaci\u00f3 ciutadana a la ci\u00e8ncia (H2020).<\/p>\n<p>Al grup llegim, reflexionem, dialoguem i aprenem junts. En aquestes tert\u00falies tots els comentaris tenen el mateix valor. Tenim clar que l&#8217;aprenentatge dial\u00f2gic ens fa millors a tots i totes.<\/p>\n<p>Aquest espai est\u00e0 obert per a qualsevol pare\/mare o familiar que vulgui participar. Si vols ser-hi part, vine a secretaria i t&#8217;informem.<\/p>\n<p>&nbsp;<\/p>\n","protected":false},"excerpt":{"rendered":"<p>Ram\u00f3n Flecha, creador de les Comunitats d&#8217;Aprenentatge, investigador i catedr\u00e0tic de la Universitat de Barcelona, ens explica que s\u00f3n les tert\u00falies cient\u00edfiques: La nostra experi\u00e8ncia: Un grup de mares, mestres i exalumnes ens reunim cada quinze dies per llegir articles cient\u00edfics, formant part d&#8217;un estudi dins del projecte ALL INTERACT, projecte europeu que pret\u00e9n ampliar [&hellip;]<\/p>\n","protected":false},"author":1,"featured_media":5616,"comment_status":"open","ping_status":"closed","sticky":false,"template":"","format":"standard","meta":{"_bbp_topic_count":0,"_bbp_reply_count":0,"_bbp_total_topic_count":0,"_bbp_total_reply_count":0,"_bbp_voice_count":0,"_bbp_anonymous_reply_count":0,"_bbp_topic_count_hidden":0,"_bbp_reply_count_hidden":0,"_bbp_forum_subforum_count":0,"site-sidebar-layout":"default","site-content-layout":"","ast-site-content-layout":"","site-content-style":"default","site-sidebar-style":"default","ast-global-header-display":"","ast-banner-title-visibility":"","ast-main-header-display":"","ast-hfb-above-header-display":"","ast-hfb-below-header-display":"","ast-hfb-mobile-header-display":"","site-post-title":"","ast-breadcrumbs-content":"","ast-featured-img":"","footer-sml-layout":"","theme-transparent-header-meta":"","adv-header-id-meta":"","stick-header-meta":"","header-above-stick-meta":"","header-main-stick-meta":"","header-below-stick-meta":"","astra-migrate-meta-layouts":"default","ast-page-background-enabled":"default","ast-page-background-meta":{"desktop":{"background-color":"var(--ast-global-color-4)","background-image":"","background-repeat":"repeat","background-position":"center center","background-size":"auto","background-attachment":"scroll","background-type":"","background-media":"","overlay-type":"","overlay-color":"","overlay-opacity":"","overlay-gradient":""},"tablet":{"background-color":"","background-image":"","background-repeat":"repeat","background-position":"center center","background-size":"auto","background-attachment":"scroll","background-type":"","background-media":"","overlay-type":"","overlay-color":"","overlay-opacity":"","overlay-gradient":""},"mobile":{"background-color":"","background-image":"","background-repeat":"repeat","background-position":"center center","background-size":"auto","background-attachment":"scroll","background-type":"","background-media":"","overlay-type":"","overlay-color":"","overlay-opacity":"","overlay-gradient":""}},"ast-content-background-meta":{"desktop":{"background-color":"var(--ast-global-color-5)","background-image":"","background-repeat":"repeat","background-position":"center center","background-size":"auto","background-attachment":"scroll","background-type":"","background-media":"","overlay-type":"","overlay-color":"","overlay-opacity":"","overlay-gradient":""},"tablet":{"background-color":"var(--ast-global-color-5)","background-image":"","background-repeat":"repeat","background-position":"center center","background-size":"auto","background-attachment":"scroll","background-type":"","background-media":"","overlay-type":"","overlay-color":"","overlay-opacity":"","overlay-gradient":""},"mobile":{"background-color":"var(--ast-global-color-5)","background-image":"","background-repeat":"repeat","background-position":"center center","background-size":"auto","background-attachment":"scroll","background-type":"","background-media":"","overlay-type":"","overlay-color":"","overlay-opacity":"","overlay-gradient":""}},"footnotes":""},"categories":[61,1,4],"tags":[137,174,97,112,116],"class_list":["post-5614","post","type-post","status-publish","format-standard","has-post-thumbnail","hentry","category-informacions","category-general","category-portada","tag-cda","tag-comunitat-daprenentatge","tag-escola","tag-noticies","tag-projectes"],"post_mailing_queue_ids":[],"_links":{"self":[{"href":"https:\/\/agora.xtec.cat\/esccasablanca\/wp-json\/wp\/v2\/posts\/5614","targetHints":{"allow":["GET"]}}],"collection":[{"href":"https:\/\/agora.xtec.cat\/esccasablanca\/wp-json\/wp\/v2\/posts"}],"about":[{"href":"https:\/\/agora.xtec.cat\/esccasablanca\/wp-json\/wp\/v2\/types\/post"}],"author":[{"embeddable":true,"href":"https:\/\/agora.xtec.cat\/esccasablanca\/wp-json\/wp\/v2\/users\/1"}],"replies":[{"embeddable":true,"href":"https:\/\/agora.xtec.cat\/esccasablanca\/wp-json\/wp\/v2\/comments?post=5614"}],"version-history":[{"count":2,"href":"https:\/\/agora.xtec.cat\/esccasablanca\/wp-json\/wp\/v2\/posts\/5614\/revisions"}],"predecessor-version":[{"id":5617,"href":"https:\/\/agora.xtec.cat\/esccasablanca\/wp-json\/wp\/v2\/posts\/5614\/revisions\/5617"}],"wp:featuredmedia":[{"embeddable":true,"href":"https:\/\/agora.xtec.cat\/esccasablanca\/wp-json\/wp\/v2\/media\/5616"}],"wp:attachment":[{"href":"https:\/\/agora.xtec.cat\/esccasablanca\/wp-json\/wp\/v2\/media?parent=5614"}],"wp:term":[{"taxonomy":"category","embeddable":true,"href":"https:\/\/agora.xtec.cat\/esccasablanca\/wp-json\/wp\/v2\/categories?post=5614"},{"taxonomy":"post_tag","embeddable":true,"href":"https:\/\/agora.xtec.cat\/esccasablanca\/wp-json\/wp\/v2\/tags?post=5614"}],"curies":[{"name":"wp","href":"https:\/\/api.w.org\/{rel}","templated":true}]}}