{"id":5530,"date":"2021-11-12T12:09:57","date_gmt":"2021-11-12T11:09:57","guid":{"rendered":"https:\/\/agora.xtec.cat\/esccasablanca\/?p=5530"},"modified":"2021-11-12T12:09:57","modified_gmt":"2021-11-12T11:09:57","slug":"jornada-professorat-novell-en-comunitats-daprenentatge","status":"publish","type":"post","link":"https:\/\/agora.xtec.cat\/esccasablanca\/portada\/jornada-professorat-novell-en-comunitats-daprenentatge\/","title":{"rendered":"Jornada professorat novell en Comunitats d\u2019aprenentatge"},"content":{"rendered":"<p>Ahir es va celebrar la Jornada de formaci\u00f3 adre\u00e7ada al professorat novell en Comunitats d&#8217;Aprenentatge. Vam tenir l&#8217;oportunitat d\u2019escoltar la confer\u00e8ncia &#8220;Evid\u00e8ncies cient\u00edfiques per a la millora educativa: Comunitats d&#8217;Aprenentatge&#8221; a c\u00e0rrec del Dr. Ramon Flecha, catedr\u00e0tic de sociologia de la UB.<\/p>\n<p>A la secci\u00f3 de compartir experi\u00e8ncies vam participar amb dues escoles m\u00e9s. L\u2019escola El Tur\u00f3 (Montcada i Reixac) i l\u2019Institut Serra de Miramar (Valls). Com escola vam exposar el nostre proc\u00e9s de transformaci\u00f3 en comunitat d\u2019aprenentatge, van participar Laia Comes com a representant de les fam\u00edlies, Sandra Balsera,Teresa Mena i Alicia Moreno com a docents.<\/p>\n<p>Vam poder gaudir tamb\u00e9 de la pres\u00e8ncia de Raquel Garcia, va ser la nostra mentora en el proc\u00e8s de transformaci\u00f3 i avui en dia \u00e9s directora general d&#8217;Atenci\u00f3 a la Fam\u00edlia i Comunitat Educativa.<\/p>\n<p>La sessi\u00f3 va ser registrada en video, quan ho tinguem a l\u2019abast us el farem arribar. De moment, us deixem aqu\u00ed la presentaci\u00f3 que vam fer servir i unes fotos de la nostra intervenci\u00f3.<\/p>\n<p><a href=\"https:\/\/agora.xtec.cat\/esccasablanca\/wp-content\/uploads\/usu1964\/2021\/11\/Jornada-Professorat-novell-CdAs-11-11-21.pdf\">Presentaci\u00f3 Comunitat d&#8217;aprenentatge<\/a><\/p>\n<p><a href=\"https:\/\/agora.xtec.cat\/esccasablanca\/wp-content\/uploads\/usu1964\/2021\/11\/Screenshot_2021-11-11-18-19-06-16_2ef548bf47261a0f379d52645eb41568.jpg\"><img loading=\"lazy\" decoding=\"async\" class=\"alignnone size-large wp-image-5531\" src=\"https:\/\/agora.xtec.cat\/esccasablanca\/wp-content\/uploads\/usu1964\/2021\/11\/Screenshot_2021-11-11-18-19-06-16_2ef548bf47261a0f379d52645eb41568-1024x461.jpg\" alt=\"\" width=\"1024\" height=\"461\" srcset=\"https:\/\/agora.xtec.cat\/esccasablanca\/wp-content\/uploads\/usu1964\/2021\/11\/Screenshot_2021-11-11-18-19-06-16_2ef548bf47261a0f379d52645eb41568-1024x461.jpg 1024w, https:\/\/agora.xtec.cat\/esccasablanca\/wp-content\/uploads\/usu1964\/2021\/11\/Screenshot_2021-11-11-18-19-06-16_2ef548bf47261a0f379d52645eb41568-300x135.jpg 300w, https:\/\/agora.xtec.cat\/esccasablanca\/wp-content\/uploads\/usu1964\/2021\/11\/Screenshot_2021-11-11-18-19-06-16_2ef548bf47261a0f379d52645eb41568-768x346.jpg 768w, https:\/\/agora.xtec.cat\/esccasablanca\/wp-content\/uploads\/usu1964\/2021\/11\/Screenshot_2021-11-11-18-19-06-16_2ef548bf47261a0f379d52645eb41568-1536x691.jpg 1536w, https:\/\/agora.xtec.cat\/esccasablanca\/wp-content\/uploads\/usu1964\/2021\/11\/Screenshot_2021-11-11-18-19-06-16_2ef548bf47261a0f379d52645eb41568-2048x922.jpg 2048w\" sizes=\"auto, (max-width: 1024px) 100vw, 1024px\" \/><\/a> <a href=\"https:\/\/agora.xtec.cat\/esccasablanca\/wp-content\/uploads\/usu1964\/2021\/11\/Screenshot_2021-11-11-18-16-00-90_2ef548bf47261a0f379d52645eb41568.jpg\"><img loading=\"lazy\" decoding=\"async\" class=\"alignnone size-large wp-image-5532\" src=\"https:\/\/agora.xtec.cat\/esccasablanca\/wp-content\/uploads\/usu1964\/2021\/11\/Screenshot_2021-11-11-18-16-00-90_2ef548bf47261a0f379d52645eb41568-1024x461.jpg\" alt=\"\" width=\"1024\" height=\"461\" srcset=\"https:\/\/agora.xtec.cat\/esccasablanca\/wp-content\/uploads\/usu1964\/2021\/11\/Screenshot_2021-11-11-18-16-00-90_2ef548bf47261a0f379d52645eb41568-1024x461.jpg 1024w, https:\/\/agora.xtec.cat\/esccasablanca\/wp-content\/uploads\/usu1964\/2021\/11\/Screenshot_2021-11-11-18-16-00-90_2ef548bf47261a0f379d52645eb41568-300x135.jpg 300w, https:\/\/agora.xtec.cat\/esccasablanca\/wp-content\/uploads\/usu1964\/2021\/11\/Screenshot_2021-11-11-18-16-00-90_2ef548bf47261a0f379d52645eb41568-768x346.jpg 768w, https:\/\/agora.xtec.cat\/esccasablanca\/wp-content\/uploads\/usu1964\/2021\/11\/Screenshot_2021-11-11-18-16-00-90_2ef548bf47261a0f379d52645eb41568-1536x691.jpg 1536w, https:\/\/agora.xtec.cat\/esccasablanca\/wp-content\/uploads\/usu1964\/2021\/11\/Screenshot_2021-11-11-18-16-00-90_2ef548bf47261a0f379d52645eb41568-2048x922.jpg 2048w\" sizes=\"auto, (max-width: 1024px) 100vw, 1024px\" \/><\/a> <a href=\"https:\/\/agora.xtec.cat\/esccasablanca\/wp-content\/uploads\/usu1964\/2021\/11\/Screenshot_2021-11-11-18-09-56-66_2ef548bf47261a0f379d52645eb41568.jpg\"><img loading=\"lazy\" decoding=\"async\" class=\"alignnone size-large wp-image-5533\" src=\"https:\/\/agora.xtec.cat\/esccasablanca\/wp-content\/uploads\/usu1964\/2021\/11\/Screenshot_2021-11-11-18-09-56-66_2ef548bf47261a0f379d52645eb41568-1024x461.jpg\" alt=\"\" width=\"1024\" height=\"461\" srcset=\"https:\/\/agora.xtec.cat\/esccasablanca\/wp-content\/uploads\/usu1964\/2021\/11\/Screenshot_2021-11-11-18-09-56-66_2ef548bf47261a0f379d52645eb41568-1024x461.jpg 1024w, https:\/\/agora.xtec.cat\/esccasablanca\/wp-content\/uploads\/usu1964\/2021\/11\/Screenshot_2021-11-11-18-09-56-66_2ef548bf47261a0f379d52645eb41568-300x135.jpg 300w, https:\/\/agora.xtec.cat\/esccasablanca\/wp-content\/uploads\/usu1964\/2021\/11\/Screenshot_2021-11-11-18-09-56-66_2ef548bf47261a0f379d52645eb41568-768x346.jpg 768w, https:\/\/agora.xtec.cat\/esccasablanca\/wp-content\/uploads\/usu1964\/2021\/11\/Screenshot_2021-11-11-18-09-56-66_2ef548bf47261a0f379d52645eb41568-1536x691.jpg 1536w, https:\/\/agora.xtec.cat\/esccasablanca\/wp-content\/uploads\/usu1964\/2021\/11\/Screenshot_2021-11-11-18-09-56-66_2ef548bf47261a0f379d52645eb41568-2048x922.jpg 2048w\" sizes=\"auto, (max-width: 1024px) 100vw, 1024px\" \/><\/a><\/p>\n","protected":false},"excerpt":{"rendered":"<p>Ahir es va celebrar la Jornada de formaci\u00f3 adre\u00e7ada al professorat novell en Comunitats d&#8217;Aprenentatge. Vam tenir l&#8217;oportunitat d\u2019escoltar la confer\u00e8ncia &#8220;Evid\u00e8ncies cient\u00edfiques per a la millora educativa: Comunitats d&#8217;Aprenentatge&#8221; a c\u00e0rrec del Dr. Ramon Flecha, catedr\u00e0tic de sociologia de la UB. A la secci\u00f3 de compartir experi\u00e8ncies vam participar amb dues escoles m\u00e9s. L\u2019escola [&hellip;]<\/p>\n","protected":false},"author":1,"featured_media":5534,"comment_status":"open","ping_status":"closed","sticky":false,"template":"","format":"standard","meta":{"_bbp_topic_count":0,"_bbp_reply_count":0,"_bbp_total_topic_count":0,"_bbp_total_reply_count":0,"_bbp_voice_count":0,"_bbp_anonymous_reply_count":0,"_bbp_topic_count_hidden":0,"_bbp_reply_count_hidden":0,"_bbp_forum_subforum_count":0,"site-sidebar-layout":"default","site-content-layout":"","ast-site-content-layout":"","site-content-style":"default","site-sidebar-style":"default","ast-global-header-display":"","ast-banner-title-visibility":"","ast-main-header-display":"","ast-hfb-above-header-display":"","ast-hfb-below-header-display":"","ast-hfb-mobile-header-display":"","site-post-title":"","ast-breadcrumbs-content":"","ast-featured-img":"","footer-sml-layout":"","theme-transparent-header-meta":"","adv-header-id-meta":"","stick-header-meta":"","header-above-stick-meta":"","header-main-stick-meta":"","header-below-stick-meta":"","astra-migrate-meta-layouts":"default","ast-page-background-enabled":"default","ast-page-background-meta":{"desktop":{"background-color":"var(--ast-global-color-4)","background-image":"","background-repeat":"repeat","background-position":"center center","background-size":"auto","background-attachment":"scroll","background-type":"","background-media":"","overlay-type":"","overlay-color":"","overlay-opacity":"","overlay-gradient":""},"tablet":{"background-color":"","background-image":"","background-repeat":"repeat","background-position":"center center","background-size":"auto","background-attachment":"scroll","background-type":"","background-media":"","overlay-type":"","overlay-color":"","overlay-opacity":"","overlay-gradient":""},"mobile":{"background-color":"","background-image":"","background-repeat":"repeat","background-position":"center center","background-size":"auto","background-attachment":"scroll","background-type":"","background-media":"","overlay-type":"","overlay-color":"","overlay-opacity":"","overlay-gradient":""}},"ast-content-background-meta":{"desktop":{"background-color":"var(--ast-global-color-5)","background-image":"","background-repeat":"repeat","background-position":"center center","background-size":"auto","background-attachment":"scroll","background-type":"","background-media":"","overlay-type":"","overlay-color":"","overlay-opacity":"","overlay-gradient":""},"tablet":{"background-color":"var(--ast-global-color-5)","background-image":"","background-repeat":"repeat","background-position":"center center","background-size":"auto","background-attachment":"scroll","background-type":"","background-media":"","overlay-type":"","overlay-color":"","overlay-opacity":"","overlay-gradient":""},"mobile":{"background-color":"var(--ast-global-color-5)","background-image":"","background-repeat":"repeat","background-position":"center center","background-size":"auto","background-attachment":"scroll","background-type":"","background-media":"","overlay-type":"","overlay-color":"","overlay-opacity":"","overlay-gradient":""}},"footnotes":""},"categories":[153,61,4],"tags":[174,97,152,112],"class_list":["post-5530","post","type-post","status-publish","format-standard","has-post-thumbnail","hentry","category-formacions-congresos","category-informacions","category-portada","tag-comunitat-daprenentatge","tag-escola","tag-formacio","tag-noticies"],"post_mailing_queue_ids":[],"_links":{"self":[{"href":"https:\/\/agora.xtec.cat\/esccasablanca\/wp-json\/wp\/v2\/posts\/5530","targetHints":{"allow":["GET"]}}],"collection":[{"href":"https:\/\/agora.xtec.cat\/esccasablanca\/wp-json\/wp\/v2\/posts"}],"about":[{"href":"https:\/\/agora.xtec.cat\/esccasablanca\/wp-json\/wp\/v2\/types\/post"}],"author":[{"embeddable":true,"href":"https:\/\/agora.xtec.cat\/esccasablanca\/wp-json\/wp\/v2\/users\/1"}],"replies":[{"embeddable":true,"href":"https:\/\/agora.xtec.cat\/esccasablanca\/wp-json\/wp\/v2\/comments?post=5530"}],"version-history":[{"count":1,"href":"https:\/\/agora.xtec.cat\/esccasablanca\/wp-json\/wp\/v2\/posts\/5530\/revisions"}],"predecessor-version":[{"id":5535,"href":"https:\/\/agora.xtec.cat\/esccasablanca\/wp-json\/wp\/v2\/posts\/5530\/revisions\/5535"}],"wp:featuredmedia":[{"embeddable":true,"href":"https:\/\/agora.xtec.cat\/esccasablanca\/wp-json\/wp\/v2\/media\/5534"}],"wp:attachment":[{"href":"https:\/\/agora.xtec.cat\/esccasablanca\/wp-json\/wp\/v2\/media?parent=5530"}],"wp:term":[{"taxonomy":"category","embeddable":true,"href":"https:\/\/agora.xtec.cat\/esccasablanca\/wp-json\/wp\/v2\/categories?post=5530"},{"taxonomy":"post_tag","embeddable":true,"href":"https:\/\/agora.xtec.cat\/esccasablanca\/wp-json\/wp\/v2\/tags?post=5530"}],"curies":[{"name":"wp","href":"https:\/\/api.w.org\/{rel}","templated":true}]}}