{"id":4984,"date":"2020-05-21T10:22:27","date_gmt":"2020-05-21T08:22:27","guid":{"rendered":"https:\/\/agora.xtec.cat\/esccasablanca\/?p=4984"},"modified":"2025-12-03T13:59:17","modified_gmt":"2025-12-03T12:59:17","slug":"obertura-parcial-de-lescola","status":"publish","type":"post","link":"https:\/\/agora.xtec.cat\/esccasablanca\/informacions\/general\/obertura-parcial-de-lescola\/","title":{"rendered":"Obertura parcial de l\u2019escola"},"content":{"rendered":"<p>Exposem la informaci\u00f3 que ha publicat avui la Generalitat i que ha explicat el conseller d&#8217;educaci\u00f3 en roda de premsa. Per\u00f2 abans, cal tenir en compte tres premisses:<\/p>\n<ol>\n<li>\n<ol>\n<li>La possible obertura parcial del centre nom\u00e9s es pot produir si la nostra poblaci\u00f3 entra en la\u00a0<strong>fase 2<\/strong>\u00a0de desescalada. Aix\u00f2 no pot passar abans del\u00a0<strong>8 de juny.<\/strong><\/li>\n<li>Les direccions dels centres encara hem de rebre\u00a0<strong>instruccions m\u00e9s precises<\/strong>. Aquesta primera comunicaci\u00f3 la fem perqu\u00e8 est\u00e0 sortint per tots els mitjans, per\u00f2 cal tenir clar que\u00a0<strong>pot haver-hi algun canvi.<\/strong><\/li>\n<li>El curs 2019-2020 s\u2019acabar\u00e0 de\u00a0<strong>forma telem\u00e0tica<\/strong>. Les accions que s\u2019expliquen a continuaci\u00f3 no suposen una tornada a la doc\u00e8ncia presencial.<\/li>\n<\/ol>\n<\/li>\n<\/ol>\n<p><strong>Est\u00e0 previst que els centres d\u2019infantil i prim\u00e0ria s\u2019obrin per a les seg\u00fcents activitats (4):<\/strong><\/p>\n<ol>\n<li><strong>Alumnes de 6\u00e8 de prim\u00e0ria<\/strong>: Acci\u00f3 educativa\u00a0<strong>presencial volunt\u00e0ria<\/strong>, en grups de m\u00e0xim\u00a0<strong>13 alumnes<\/strong>, amb l\u2019objectiu de donar suport al tancament de l\u2019etapa i l\u2019acompanyament del seu pas a secund\u00e0ria. Al ser voluntari, cal garantir la continu\u00eftat de la doc\u00e8ncia telem\u00e0tica.<\/li>\n<li><strong>Tutories personalitzades<\/strong>:\u00a0Poden ser amb un alumne o tamb\u00e9 amb la fam\u00edlia (nom\u00e9s una persona), de qualsevol nivell. Es tracta d\u2019una\u00a0<strong>mesura excepcional<\/strong>\u00a0i s\u2019haur\u00e0 de programar per\u00a0<strong>un dia i una hora en concret<\/strong>.\u00a0<strong>No suposa una assist\u00e8ncia di\u00e0ria al centre<\/strong>.<\/li>\n<li><strong>Tutories en grups<\/strong>: Es far\u00e0 en grups de no m\u00e9s de 13 alumnes, de qualsevol nivell i \u00e9s compatible amb l\u2019anterior. Es tracta d\u2019una mesura excepcional i puntual. Es tracta de l\u2019obertura d\u2019algun espai del centre de manera planificada i la programaci\u00f3 del\u00a0<strong>dia i hora del retrobament<\/strong>\u00a0de l\u2019alumnat amb el professorat.\u00a0<strong>No suposa una assist\u00e8ncia di\u00e0ria el centre.<\/strong><\/li>\n<li><strong>Acollida per alumnat d\u2019infantil<\/strong>: Acollida en un espai espec\u00edfic per aquells infants (P3, P4 o P5) de fam\u00edlies en els quals els\u00a0<strong>dos progenitors<\/strong>\u00a0hagin de\u00a0<strong>treballar<\/strong>\u00a0<strong>de forma presencial<\/strong>, sense possibilitat de flexibilitzar-lo, en grups de m\u00e0xim 13 alumnes i de 9 a 13 hores.<\/li>\n<\/ol>\n<p><strong>Requisits per l\u2019assist\u00e8ncia:<\/strong><\/p>\n<ul>\n<li>\n<ul>\n<li>No tenir s\u00edmptomes compatibles amb la COVID-19.<\/li>\n<li>No haver conviscut o tingut contacte estret amb positiu confirmat o simptomatologia compatible en els 14 dies anteriors.<\/li>\n<li>Calendari vacunal al dia.<\/li>\n<li>En el cas que l\u2019infant tingui alguna malaltia cr\u00f2nica o de risc, es valorar\u00e0 la idone\u00eftat de reprendre l\u2019activitat escolar.<\/li>\n<\/ul>\n<\/li>\n<\/ul>\n<p><strong>Mesures de protecci\u00f3 i prevenci\u00f3:<\/strong><\/p>\n<p>En el moment de dur-se a terme ja es concretaran, per\u00f2 b\u00e0sicament s\u00f3n dues:<\/p>\n<ol>\n<li>\n<ol>\n<li>\n<ol>\n<li>Distanciament f\u00edsic.<\/li>\n<li>Rentat de mans.<\/li>\n<\/ol>\n<\/li>\n<\/ol>\n<\/li>\n<\/ol>\n<h6>A mesura que tinguem informaci\u00f3 m\u00e9s concreta o que pugui suposar alguna novetat us anirem informant. Tamb\u00e9 cal tenir en compte que algunes zones de Catalunya entraran en la fase 2 abans i, per tant, tindrem informaci\u00f3 de com est\u00e0 funcionant.<\/h6>\n<div class=\"addtoany_share_save_container addtoany_content addtoany_content_bottom\">\n<div class=\"a2a_kit a2a_kit_size_32 addtoany_list\" data-a2a-url=\"https:\/\/agora.xtec.cat\/esc-vicenteferrer-sb\/general\/butlleti-29-20-de-maig\/\" data-a2a-title=\"Butllet\u00ed 29: 20 de maig\"><\/div>\n<\/div>\n","protected":false},"excerpt":{"rendered":"<p>Resum de les propostes derivades del pla de reobertura de les escoles.<\/p>\n","protected":false},"author":1,"featured_media":4985,"comment_status":"open","ping_status":"closed","sticky":false,"template":"","format":"standard","meta":{"_bbp_topic_count":0,"_bbp_reply_count":0,"_bbp_total_topic_count":0,"_bbp_total_reply_count":0,"_bbp_voice_count":0,"_bbp_anonymous_reply_count":0,"_bbp_topic_count_hidden":0,"_bbp_reply_count_hidden":0,"_bbp_forum_subforum_count":0,"site-sidebar-layout":"default","site-content-layout":"","ast-site-content-layout":"","site-content-style":"default","site-sidebar-style":"default","ast-global-header-display":"","ast-banner-title-visibility":"","ast-main-header-display":"","ast-hfb-above-header-display":"","ast-hfb-below-header-display":"","ast-hfb-mobile-header-display":"","site-post-title":"","ast-breadcrumbs-content":"","ast-featured-img":"","footer-sml-layout":"","theme-transparent-header-meta":"","adv-header-id-meta":"","stick-header-meta":"","header-above-stick-meta":"","header-main-stick-meta":"","header-below-stick-meta":"","astra-migrate-meta-layouts":"default","ast-page-background-enabled":"default","ast-page-background-meta":{"desktop":{"background-color":"var(--ast-global-color-4)","background-image":"","background-repeat":"repeat","background-position":"center center","background-size":"auto","background-attachment":"scroll","background-type":"","background-media":"","overlay-type":"","overlay-color":"","overlay-opacity":"","overlay-gradient":""},"tablet":{"background-color":"","background-image":"","background-repeat":"repeat","background-position":"center center","background-size":"auto","background-attachment":"scroll","background-type":"","background-media":"","overlay-type":"","overlay-color":"","overlay-opacity":"","overlay-gradient":""},"mobile":{"background-color":"","background-image":"","background-repeat":"repeat","background-position":"center center","background-size":"auto","background-attachment":"scroll","background-type":"","background-media":"","overlay-type":"","overlay-color":"","overlay-opacity":"","overlay-gradient":""}},"ast-content-background-meta":{"desktop":{"background-color":"var(--ast-global-color-5)","background-image":"","background-repeat":"repeat","background-position":"center center","background-size":"auto","background-attachment":"scroll","background-type":"","background-media":"","overlay-type":"","overlay-color":"","overlay-opacity":"","overlay-gradient":""},"tablet":{"background-color":"var(--ast-global-color-5)","background-image":"","background-repeat":"repeat","background-position":"center center","background-size":"auto","background-attachment":"scroll","background-type":"","background-media":"","overlay-type":"","overlay-color":"","overlay-opacity":"","overlay-gradient":""},"mobile":{"background-color":"var(--ast-global-color-5)","background-image":"","background-repeat":"repeat","background-position":"center center","background-size":"auto","background-attachment":"scroll","background-type":"","background-media":"","overlay-type":"","overlay-color":"","overlay-opacity":"","overlay-gradient":""}},"footnotes":""},"categories":[61,1,4],"tags":[137,172,97,112],"class_list":["post-4984","post","type-post","status-publish","format-standard","has-post-thumbnail","hentry","category-informacions","category-general","category-portada","tag-cda","tag-confinament","tag-escola","tag-noticies"],"post_mailing_queue_ids":[],"_links":{"self":[{"href":"https:\/\/agora.xtec.cat\/esccasablanca\/wp-json\/wp\/v2\/posts\/4984","targetHints":{"allow":["GET"]}}],"collection":[{"href":"https:\/\/agora.xtec.cat\/esccasablanca\/wp-json\/wp\/v2\/posts"}],"about":[{"href":"https:\/\/agora.xtec.cat\/esccasablanca\/wp-json\/wp\/v2\/types\/post"}],"author":[{"embeddable":true,"href":"https:\/\/agora.xtec.cat\/esccasablanca\/wp-json\/wp\/v2\/users\/1"}],"replies":[{"embeddable":true,"href":"https:\/\/agora.xtec.cat\/esccasablanca\/wp-json\/wp\/v2\/comments?post=4984"}],"version-history":[{"count":1,"href":"https:\/\/agora.xtec.cat\/esccasablanca\/wp-json\/wp\/v2\/posts\/4984\/revisions"}],"predecessor-version":[{"id":4986,"href":"https:\/\/agora.xtec.cat\/esccasablanca\/wp-json\/wp\/v2\/posts\/4984\/revisions\/4986"}],"wp:featuredmedia":[{"embeddable":true,"href":"https:\/\/agora.xtec.cat\/esccasablanca\/wp-json\/wp\/v2\/media\/4985"}],"wp:attachment":[{"href":"https:\/\/agora.xtec.cat\/esccasablanca\/wp-json\/wp\/v2\/media?parent=4984"}],"wp:term":[{"taxonomy":"category","embeddable":true,"href":"https:\/\/agora.xtec.cat\/esccasablanca\/wp-json\/wp\/v2\/categories?post=4984"},{"taxonomy":"post_tag","embeddable":true,"href":"https:\/\/agora.xtec.cat\/esccasablanca\/wp-json\/wp\/v2\/tags?post=4984"}],"curies":[{"name":"wp","href":"https:\/\/api.w.org\/{rel}","templated":true}]}}