{"id":4168,"date":"2020-05-12T14:14:12","date_gmt":"2020-05-12T12:14:12","guid":{"rendered":"https:\/\/agora.xtec.cat\/esccasablanca\/?p=4168"},"modified":"2021-02-06T00:18:04","modified_gmt":"2021-02-05T23:18:04","slug":"preinscripcio-darreres-informacions","status":"publish","type":"post","link":"https:\/\/agora.xtec.cat\/esccasablanca\/informacions\/general\/preinscripcio-darreres-informacions\/","title":{"rendered":"Preinscripci\u00f3 20-21"},"content":{"rendered":"<p><a href=\"https:\/\/agora.xtec.cat\/esccasablanca\/informacions\/general\/preinscripcio-darreres-informacions\/\"><img decoding=\"async\" class=\"size-full wp-image-4947 alignnone\" src=\"https:\/\/agora.xtec.cat\/esccasablanca\/wp-content\/uploads\/usu1964\/2020\/05\/tira_preinscripcions2021.jpg\" alt=\"\" width=\"100%\" srcset=\"https:\/\/agora.xtec.cat\/esccasablanca\/wp-content\/uploads\/usu1964\/2020\/05\/tira_preinscripcions2021.jpg 1000w, https:\/\/agora.xtec.cat\/esccasablanca\/wp-content\/uploads\/usu1964\/2020\/05\/tira_preinscripcions2021-300x21.jpg 300w, https:\/\/agora.xtec.cat\/esccasablanca\/wp-content\/uploads\/usu1964\/2020\/05\/tira_preinscripcions2021-768x54.jpg 768w\" sizes=\"(max-width: 1000px) 100vw, 1000px\" \/><\/a><\/p>\n<p>Benvolgudes fam\u00edlies,<\/p>\n<p>Seguint les instruccions que ens ha facilitat el Departament d\u2019Educaci\u00f3 de la Generalitat de Catalunya us comuniquem el seg\u00fcent:<\/p>\n<p>La preinscripci\u00f3 es podr\u00e0 fer seguint una d\u2019aquestes dues modalitats <strong><u>(tot i que \u00e9s important que, en la mesura del possible, es faci de manera telem\u00e0tica)<\/u><\/strong><u>:<\/u><\/p>\n<ol>\n<li><strong>Via telem\u00e0tica: del 13 al 22 de maig<\/strong><!--more--><\/li>\n<\/ol>\n<p>La preinscripci\u00f3 es far\u00e0 a trav\u00e9s de la sol\u00b7licitud telem\u00e0tica. Un cop realitzada la preinscripci\u00f3 per al curs 2020-21, ho haureu de comunicar al centre que heu triat en primera opci\u00f3 mitjan\u00e7ant un correu electr\u00f2nic. A m\u00e9s a m\u00e9s, haureu d\u2019adjuntar la documentaci\u00f3 escanejada o fotografiada al correu electr\u00f2nic del centre.<\/p>\n<p>&nbsp;<\/p>\n<p>2<strong style=\"font-family: inherit; font-size: 1em;\">. Presencialment al centre triat com a primera opci\u00f3: el 19, 21 i 22\u00a0 de maig<\/strong><span style=\"font-family: inherit; font-size: 1em;\"> (en cas de no poder fer-la de forma telem\u00e0tica). \u00c9s imprescindible demanar cita pr\u00e8via:\u00a0 \u00a0<\/span><span style=\"font-family: inherit; font-size: 1em;\">\u00a0 \u00a0 \u00a0 \u00a0 \u00a0 \u00a0 \u00a0 \u00a0 \u00a0 \u00a0\u00a0<\/span><\/p>\n<table style=\"width: 388px;\">\n<tbody>\n<tr style=\"height: 120px;\">\n<td style=\"width: 190px; height: 120px;\">\u00a0A partir de 11-05-2020<\/p>\n<p>De 9 a 13.30 i de 15 a 18<\/td>\n<td style=\"width: 190px; height: 120px;\">Tlf: 651-14-18-50<\/p>\n<p>Email: a8025587@xtec.cat<\/td>\n<\/tr>\n<\/tbody>\n<\/table>\n<p><span style=\"font-family: inherit; font-size: 1em;\">Per poder realitzar les preinscripcions presencials haureu de tenir en compte:<\/span><\/p>\n<p><strong><u>Les mesures de seguretat segons PROCICAT:<\/u><\/strong><\/p>\n<ul>\n<li>Mantenir 2 m de dist\u00e0ncia del treballador\/a que far\u00e0 la preinscripci\u00f3.<\/li>\n<li>Portar guants i mascareta.<\/li>\n<li>Assistir-hi nom\u00e9s una persona per fam\u00edlia.<\/li>\n<\/ul>\n<p>La documentaci\u00f3 necess\u00e0ria per a fer la preinscripci\u00f3 (ja sigui telem\u00e0tica o presencial) \u00e9s la seg\u00fcent:<\/p>\n<ul>\n<li>Sol\u00b7licitud<\/li>\n<li>Original i fotoc\u00f2pia del DNI del pare i la mare o tutors<\/li>\n<li>Original i fotoc\u00f2pia del llibre de fam\u00edlia<\/li>\n<li>Original i fotoc\u00f2pia del carnet de fam\u00edlia nombrosa o monoparental vigent<\/li>\n<li>Original i fotoc\u00f2pia del\u00a0 certificat de discapacitat de l\u2019alumne\/a, pare, mare o germans que al\u00b7leguin discapacitat del 33% o m\u00e9s em\u00e8s pel Departament de Benestar Social i Fam\u00edlia<\/li>\n<\/ul>\n<p>Aquesta documentaci\u00f3, en la mesura del possible, caldr\u00e0 portar-la impresa.\u00a0 En el cas de fer el tr\u00e0mit de forma telem\u00e0tica, s&#8217;enviar\u00e0 per correu electr\u00f2nic.<\/p>\n<p><a href=\"https:\/\/agora.xtec.cat\/esccasablanca\/wp-content\/uploads\/usu1964\/2020\/05\/SOL.LICITUD-PREINSCRIPCI\u00d3-2020-2021.pdf\">SOL.LICITUD-PREINSCRIPCI\u00d3-2020-2021<\/a><\/p>\n<p><a href=\"https:\/\/agora.xtec.cat\/esccasablanca\/wp-content\/uploads\/usu1964\/2020\/05\/Documentaci\u00f3-Preinscripci\u00f3-20-21.pdf\">Documentaci\u00f3 Preinscripci\u00f3 20-21<\/a><\/p>\n<p><a href=\"https:\/\/agora.xtec.cat\/esccasablanca\/wp-content\/uploads\/usu1964\/2020\/05\/Preinscripci\u00f3-20-21.pdf\">Preinscripci\u00f3 20-21<\/a><\/p>\n<p>&nbsp;<\/p>\n<p>&nbsp;<\/p>\n","protected":false},"excerpt":{"rendered":"<p>Podeu trobar la documentaci\u00f3 relativa a la preinscripci\u00f3 per a nous alumnes de P3 per als curs 20-21.<\/p>\n","protected":false},"author":1,"featured_media":4888,"comment_status":"open","ping_status":"closed","sticky":false,"template":"","format":"standard","meta":{"_bbp_topic_count":0,"_bbp_reply_count":0,"_bbp_total_topic_count":0,"_bbp_total_reply_count":0,"_bbp_voice_count":0,"_bbp_anonymous_reply_count":0,"_bbp_topic_count_hidden":0,"_bbp_reply_count_hidden":0,"_bbp_forum_subforum_count":0,"site-sidebar-layout":"default","site-content-layout":"","ast-site-content-layout":"","site-content-style":"default","site-sidebar-style":"default","ast-global-header-display":"","ast-banner-title-visibility":"","ast-main-header-display":"","ast-hfb-above-header-display":"","ast-hfb-below-header-display":"","ast-hfb-mobile-header-display":"","site-post-title":"","ast-breadcrumbs-content":"","ast-featured-img":"","footer-sml-layout":"","theme-transparent-header-meta":"","adv-header-id-meta":"","stick-header-meta":"","header-above-stick-meta":"","header-main-stick-meta":"","header-below-stick-meta":"","astra-migrate-meta-layouts":"default","ast-page-background-enabled":"default","ast-page-background-meta":{"desktop":{"background-color":"var(--ast-global-color-4)","background-image":"","background-repeat":"repeat","background-position":"center center","background-size":"auto","background-attachment":"scroll","background-type":"","background-media":"","overlay-type":"","overlay-color":"","overlay-opacity":"","overlay-gradient":""},"tablet":{"background-color":"","background-image":"","background-repeat":"repeat","background-position":"center center","background-size":"auto","background-attachment":"scroll","background-type":"","background-media":"","overlay-type":"","overlay-color":"","overlay-opacity":"","overlay-gradient":""},"mobile":{"background-color":"","background-image":"","background-repeat":"repeat","background-position":"center center","background-size":"auto","background-attachment":"scroll","background-type":"","background-media":"","overlay-type":"","overlay-color":"","overlay-opacity":"","overlay-gradient":""}},"ast-content-background-meta":{"desktop":{"background-color":"var(--ast-global-color-5)","background-image":"","background-repeat":"repeat","background-position":"center center","background-size":"auto","background-attachment":"scroll","background-type":"","background-media":"","overlay-type":"","overlay-color":"","overlay-opacity":"","overlay-gradient":""},"tablet":{"background-color":"var(--ast-global-color-5)","background-image":"","background-repeat":"repeat","background-position":"center center","background-size":"auto","background-attachment":"scroll","background-type":"","background-media":"","overlay-type":"","overlay-color":"","overlay-opacity":"","overlay-gradient":""},"mobile":{"background-color":"var(--ast-global-color-5)","background-image":"","background-repeat":"repeat","background-position":"center center","background-size":"auto","background-attachment":"scroll","background-type":"","background-media":"","overlay-type":"","overlay-color":"","overlay-opacity":"","overlay-gradient":""}},"footnotes":""},"categories":[61,1,4],"tags":[136,165],"class_list":["post-4168","post","type-post","status-publish","format-standard","has-post-thumbnail","hentry","category-informacions","category-general","category-portada","tag-portes-obertes","tag-preinscripcio"],"post_mailing_queue_ids":[],"_links":{"self":[{"href":"https:\/\/agora.xtec.cat\/esccasablanca\/wp-json\/wp\/v2\/posts\/4168","targetHints":{"allow":["GET"]}}],"collection":[{"href":"https:\/\/agora.xtec.cat\/esccasablanca\/wp-json\/wp\/v2\/posts"}],"about":[{"href":"https:\/\/agora.xtec.cat\/esccasablanca\/wp-json\/wp\/v2\/types\/post"}],"author":[{"embeddable":true,"href":"https:\/\/agora.xtec.cat\/esccasablanca\/wp-json\/wp\/v2\/users\/1"}],"replies":[{"embeddable":true,"href":"https:\/\/agora.xtec.cat\/esccasablanca\/wp-json\/wp\/v2\/comments?post=4168"}],"version-history":[{"count":5,"href":"https:\/\/agora.xtec.cat\/esccasablanca\/wp-json\/wp\/v2\/posts\/4168\/revisions"}],"predecessor-version":[{"id":4950,"href":"https:\/\/agora.xtec.cat\/esccasablanca\/wp-json\/wp\/v2\/posts\/4168\/revisions\/4950"}],"wp:featuredmedia":[{"embeddable":true,"href":"https:\/\/agora.xtec.cat\/esccasablanca\/wp-json\/wp\/v2\/media\/4888"}],"wp:attachment":[{"href":"https:\/\/agora.xtec.cat\/esccasablanca\/wp-json\/wp\/v2\/media?parent=4168"}],"wp:term":[{"taxonomy":"category","embeddable":true,"href":"https:\/\/agora.xtec.cat\/esccasablanca\/wp-json\/wp\/v2\/categories?post=4168"},{"taxonomy":"post_tag","embeddable":true,"href":"https:\/\/agora.xtec.cat\/esccasablanca\/wp-json\/wp\/v2\/tags?post=4168"}],"curies":[{"name":"wp","href":"https:\/\/api.w.org\/{rel}","templated":true}]}}