{"id":4158,"date":"2020-03-01T19:48:19","date_gmt":"2020-03-01T18:48:19","guid":{"rendered":"https:\/\/agora.xtec.cat\/esccasablanca\/?p=4158"},"modified":"2025-12-03T14:01:21","modified_gmt":"2025-12-03T13:01:21","slug":"som-comunitat-daprenentatge-2","status":"publish","type":"post","link":"https:\/\/agora.xtec.cat\/esccasablanca\/informacions\/general\/som-comunitat-daprenentatge-2\/","title":{"rendered":"Som Comunitat d&#8217;Aprenentatge"},"content":{"rendered":"<p>L&#8217;estiu passat a la festa de final de curs vam decidir transformar-nos en Comunitat d&#8217;Aprenentatge. En aquell moment vam editar un v\u00eddeo sobre les pr\u00e0ctiques d&#8217;\u00e8xit que ja funcionen al nostre centre. Podeu escoltar de la m\u00e0\u00a0 dels alumnes i les fam\u00edlies quines s\u00f3n les pr\u00e0ctiques d&#8217;\u00e8xit i perqu\u00e8 ens agraden tant. Aquest curs hem ampliat les pr\u00e0ctiques d&#8217;\u00e8xit educatiu incloent la resoluci\u00f3 dial\u00f2gica dels conflictes amb el &#8220;Club dels Valents&#8221;.<\/p>\n<p>Us tornem a deixar el video per a totes aquelles fam\u00edlies noves i tots aquells que estigueu interessats.<\/p>\n<p><a href=\"https:\/\/youtu.be\/SOF4VmSOd-E\"><img loading=\"lazy\" decoding=\"async\" class=\"alignnone size-large wp-image-4159\" src=\"https:\/\/agora.xtec.cat\/esccasablanca\/wp-content\/uploads\/usu1964\/2020\/03\/WhatsApp-Image-2020-03-01-at-19.40.19-1024x512.jpeg\" alt=\"\" width=\"1024\" height=\"512\" srcset=\"https:\/\/agora.xtec.cat\/esccasablanca\/wp-content\/uploads\/usu1964\/2020\/03\/WhatsApp-Image-2020-03-01-at-19.40.19-1024x512.jpeg 1024w, https:\/\/agora.xtec.cat\/esccasablanca\/wp-content\/uploads\/usu1964\/2020\/03\/WhatsApp-Image-2020-03-01-at-19.40.19-300x150.jpeg 300w, https:\/\/agora.xtec.cat\/esccasablanca\/wp-content\/uploads\/usu1964\/2020\/03\/WhatsApp-Image-2020-03-01-at-19.40.19-768x384.jpeg 768w, https:\/\/agora.xtec.cat\/esccasablanca\/wp-content\/uploads\/usu1964\/2020\/03\/WhatsApp-Image-2020-03-01-at-19.40.19.jpeg 2000w\" sizes=\"auto, (max-width: 1024px) 100vw, 1024px\" \/><\/a><\/p>\n","protected":false},"excerpt":{"rendered":"<p>L&#8217;estiu passat a la festa de final de curs vam decidir transformar-nos en Comunitat d&#8217;Aprenentatge. En aquell moment vam editar un v\u00eddeo sobre les pr\u00e0ctiques d&#8217;\u00e8xit que ja funcionen al nostre centre. Podeu escoltar de la m\u00e0\u00a0 dels alumnes i les fam\u00edlies quines s\u00f3n les pr\u00e0ctiques d&#8217;\u00e8xit i perqu\u00e8 ens agraden tant. Aquest curs hem [&hellip;]<\/p>\n","protected":false},"author":4,"featured_media":4159,"comment_status":"open","ping_status":"closed","sticky":false,"template":"","format":"standard","meta":{"_bbp_topic_count":0,"_bbp_reply_count":0,"_bbp_total_topic_count":0,"_bbp_total_reply_count":0,"_bbp_voice_count":0,"_bbp_anonymous_reply_count":0,"_bbp_topic_count_hidden":0,"_bbp_reply_count_hidden":0,"_bbp_forum_subforum_count":0,"site-sidebar-layout":"default","site-content-layout":"","ast-site-content-layout":"","site-content-style":"default","site-sidebar-style":"default","ast-global-header-display":"","ast-banner-title-visibility":"","ast-main-header-display":"","ast-hfb-above-header-display":"","ast-hfb-below-header-display":"","ast-hfb-mobile-header-display":"","site-post-title":"","ast-breadcrumbs-content":"","ast-featured-img":"","footer-sml-layout":"","theme-transparent-header-meta":"","adv-header-id-meta":"","stick-header-meta":"","header-above-stick-meta":"","header-main-stick-meta":"","header-below-stick-meta":"","astra-migrate-meta-layouts":"default","ast-page-background-enabled":"default","ast-page-background-meta":{"desktop":{"background-color":"var(--ast-global-color-4)","background-image":"","background-repeat":"repeat","background-position":"center center","background-size":"auto","background-attachment":"scroll","background-type":"","background-media":"","overlay-type":"","overlay-color":"","overlay-opacity":"","overlay-gradient":""},"tablet":{"background-color":"","background-image":"","background-repeat":"repeat","background-position":"center center","background-size":"auto","background-attachment":"scroll","background-type":"","background-media":"","overlay-type":"","overlay-color":"","overlay-opacity":"","overlay-gradient":""},"mobile":{"background-color":"","background-image":"","background-repeat":"repeat","background-position":"center center","background-size":"auto","background-attachment":"scroll","background-type":"","background-media":"","overlay-type":"","overlay-color":"","overlay-opacity":"","overlay-gradient":""}},"ast-content-background-meta":{"desktop":{"background-color":"var(--ast-global-color-5)","background-image":"","background-repeat":"repeat","background-position":"center center","background-size":"auto","background-attachment":"scroll","background-type":"","background-media":"","overlay-type":"","overlay-color":"","overlay-opacity":"","overlay-gradient":""},"tablet":{"background-color":"var(--ast-global-color-5)","background-image":"","background-repeat":"repeat","background-position":"center center","background-size":"auto","background-attachment":"scroll","background-type":"","background-media":"","overlay-type":"","overlay-color":"","overlay-opacity":"","overlay-gradient":""},"mobile":{"background-color":"var(--ast-global-color-5)","background-image":"","background-repeat":"repeat","background-position":"center center","background-size":"auto","background-attachment":"scroll","background-type":"","background-media":"","overlay-type":"","overlay-color":"","overlay-opacity":"","overlay-gradient":""}},"footnotes":""},"categories":[61,1,4],"tags":[137,97,112],"class_list":["post-4158","post","type-post","status-publish","format-standard","has-post-thumbnail","hentry","category-informacions","category-general","category-portada","tag-cda","tag-escola","tag-noticies"],"post_mailing_queue_ids":[],"_links":{"self":[{"href":"https:\/\/agora.xtec.cat\/esccasablanca\/wp-json\/wp\/v2\/posts\/4158","targetHints":{"allow":["GET"]}}],"collection":[{"href":"https:\/\/agora.xtec.cat\/esccasablanca\/wp-json\/wp\/v2\/posts"}],"about":[{"href":"https:\/\/agora.xtec.cat\/esccasablanca\/wp-json\/wp\/v2\/types\/post"}],"author":[{"embeddable":true,"href":"https:\/\/agora.xtec.cat\/esccasablanca\/wp-json\/wp\/v2\/users\/4"}],"replies":[{"embeddable":true,"href":"https:\/\/agora.xtec.cat\/esccasablanca\/wp-json\/wp\/v2\/comments?post=4158"}],"version-history":[{"count":2,"href":"https:\/\/agora.xtec.cat\/esccasablanca\/wp-json\/wp\/v2\/posts\/4158\/revisions"}],"predecessor-version":[{"id":4161,"href":"https:\/\/agora.xtec.cat\/esccasablanca\/wp-json\/wp\/v2\/posts\/4158\/revisions\/4161"}],"wp:featuredmedia":[{"embeddable":true,"href":"https:\/\/agora.xtec.cat\/esccasablanca\/wp-json\/wp\/v2\/media\/4159"}],"wp:attachment":[{"href":"https:\/\/agora.xtec.cat\/esccasablanca\/wp-json\/wp\/v2\/media?parent=4158"}],"wp:term":[{"taxonomy":"category","embeddable":true,"href":"https:\/\/agora.xtec.cat\/esccasablanca\/wp-json\/wp\/v2\/categories?post=4158"},{"taxonomy":"post_tag","embeddable":true,"href":"https:\/\/agora.xtec.cat\/esccasablanca\/wp-json\/wp\/v2\/tags?post=4158"}],"curies":[{"name":"wp","href":"https:\/\/api.w.org\/{rel}","templated":true}]}}