{"id":3887,"date":"2019-06-16T18:50:08","date_gmt":"2019-06-16T16:50:08","guid":{"rendered":"https:\/\/agora.xtec.cat\/esccasablanca\/?p=3887"},"modified":"2019-08-01T20:26:43","modified_gmt":"2019-08-01T18:26:43","slug":"erasmus-plus-jornada-dinternaciolitzacio-de-les-escoles","status":"publish","type":"post","link":"https:\/\/agora.xtec.cat\/esccasablanca\/informacions\/general\/erasmus-plus-jornada-dinternaciolitzacio-de-les-escoles\/","title":{"rendered":"Erasmus Plus &#8211; Jornada d&#8217;internaciolitzaci\u00f3 de les escoles"},"content":{"rendered":"<p>El passat dijous 13 de juny l&#8217;escola va ser convidada a compartir la nostres experi\u00e8ncies e.twinnig i Erasmus+ a la jornada: El programa Erasmus+: una oportunitat d&#8217;internacionalitzaci\u00f3.<\/p>\n<p>La jornada era oberta a totes els escoles del Baix Llobregat per donar a con\u00e8ixer el funcionament dels diferents programes Erasmus+ i compartir les experi\u00e8ncies de 6 centres docents.<\/p>\n<p>L&#8217;escola Casablanca va ser convidada a compartir els nostres projectes com a representants dels centres d&#8217;infantil i prim\u00e0ria, va ser una jornada molt enriquidora.<\/p>\n<p>Us deixem algunes imatges i la presentaci\u00f3 que vam fer servir.<\/p>\n<p><img loading=\"lazy\" decoding=\"async\" class=\"alignleft size-full wp-image-3886\" src=\"https:\/\/agora.xtec.cat\/esccasablanca\/wp-content\/uploads\/usu1964\/2019\/08\/jornadainternalitzaci\u00f32.jpg\" alt=\"\" width=\"680\" height=\"510\" srcset=\"https:\/\/agora.xtec.cat\/esccasablanca\/wp-content\/uploads\/usu1964\/2019\/08\/jornadainternalitzaci\u00f32.jpg 680w, https:\/\/agora.xtec.cat\/esccasablanca\/wp-content\/uploads\/usu1964\/2019\/08\/jornadainternalitzaci\u00f32-300x225.jpg 300w, https:\/\/agora.xtec.cat\/esccasablanca\/wp-content\/uploads\/usu1964\/2019\/08\/jornadainternalitzaci\u00f32-200x150.jpg 200w\" sizes=\"auto, (max-width: 680px) 100vw, 680px\" \/><\/p>\n","protected":false},"excerpt":{"rendered":"<p>El passat dijous 13 de juny l&#8217;escola va ser convidada a compartir la nostres experi\u00e8ncies e.twinnig i Erasmus+ a la jornada: El programa Erasmus+: una oportunitat d&#8217;internacionalitzaci\u00f3. La jornada era oberta a totes els escoles del Baix Llobregat per donar a con\u00e8ixer el funcionament dels diferents programes Erasmus+ i compartir les experi\u00e8ncies de 6 centres [&hellip;]<\/p>\n","protected":false},"author":5,"featured_media":3885,"comment_status":"open","ping_status":"closed","sticky":false,"template":"","format":"standard","meta":{"_bbp_topic_count":0,"_bbp_reply_count":0,"_bbp_total_topic_count":0,"_bbp_total_reply_count":0,"_bbp_voice_count":0,"_bbp_anonymous_reply_count":0,"_bbp_topic_count_hidden":0,"_bbp_reply_count_hidden":0,"_bbp_forum_subforum_count":0,"site-sidebar-layout":"default","site-content-layout":"","ast-site-content-layout":"","site-content-style":"default","site-sidebar-style":"default","ast-global-header-display":"","ast-banner-title-visibility":"","ast-main-header-display":"","ast-hfb-above-header-display":"","ast-hfb-below-header-display":"","ast-hfb-mobile-header-display":"","site-post-title":"","ast-breadcrumbs-content":"","ast-featured-img":"","footer-sml-layout":"","theme-transparent-header-meta":"","adv-header-id-meta":"","stick-header-meta":"","header-above-stick-meta":"","header-main-stick-meta":"","header-below-stick-meta":"","astra-migrate-meta-layouts":"default","ast-page-background-enabled":"default","ast-page-background-meta":{"desktop":{"background-color":"var(--ast-global-color-4)","background-image":"","background-repeat":"repeat","background-position":"center center","background-size":"auto","background-attachment":"scroll","background-type":"","background-media":"","overlay-type":"","overlay-color":"","overlay-opacity":"","overlay-gradient":""},"tablet":{"background-color":"","background-image":"","background-repeat":"repeat","background-position":"center center","background-size":"auto","background-attachment":"scroll","background-type":"","background-media":"","overlay-type":"","overlay-color":"","overlay-opacity":"","overlay-gradient":""},"mobile":{"background-color":"","background-image":"","background-repeat":"repeat","background-position":"center center","background-size":"auto","background-attachment":"scroll","background-type":"","background-media":"","overlay-type":"","overlay-color":"","overlay-opacity":"","overlay-gradient":""}},"ast-content-background-meta":{"desktop":{"background-color":"var(--ast-global-color-5)","background-image":"","background-repeat":"repeat","background-position":"center center","background-size":"auto","background-attachment":"scroll","background-type":"","background-media":"","overlay-type":"","overlay-color":"","overlay-opacity":"","overlay-gradient":""},"tablet":{"background-color":"var(--ast-global-color-5)","background-image":"","background-repeat":"repeat","background-position":"center center","background-size":"auto","background-attachment":"scroll","background-type":"","background-media":"","overlay-type":"","overlay-color":"","overlay-opacity":"","overlay-gradient":""},"mobile":{"background-color":"var(--ast-global-color-5)","background-image":"","background-repeat":"repeat","background-position":"center center","background-size":"auto","background-attachment":"scroll","background-type":"","background-media":"","overlay-type":"","overlay-color":"","overlay-opacity":"","overlay-gradient":""}},"footnotes":""},"categories":[67,59,153,61,1,4],"tags":[],"class_list":["post-3887","post","type-post","status-publish","format-standard","has-post-thumbnail","hentry","category-angles","category-comissions","category-formacions-congresos","category-informacions","category-general","category-portada"],"post_mailing_queue_ids":[],"_links":{"self":[{"href":"https:\/\/agora.xtec.cat\/esccasablanca\/wp-json\/wp\/v2\/posts\/3887","targetHints":{"allow":["GET"]}}],"collection":[{"href":"https:\/\/agora.xtec.cat\/esccasablanca\/wp-json\/wp\/v2\/posts"}],"about":[{"href":"https:\/\/agora.xtec.cat\/esccasablanca\/wp-json\/wp\/v2\/types\/post"}],"author":[{"embeddable":true,"href":"https:\/\/agora.xtec.cat\/esccasablanca\/wp-json\/wp\/v2\/users\/5"}],"replies":[{"embeddable":true,"href":"https:\/\/agora.xtec.cat\/esccasablanca\/wp-json\/wp\/v2\/comments?post=3887"}],"version-history":[{"count":1,"href":"https:\/\/agora.xtec.cat\/esccasablanca\/wp-json\/wp\/v2\/posts\/3887\/revisions"}],"predecessor-version":[{"id":3888,"href":"https:\/\/agora.xtec.cat\/esccasablanca\/wp-json\/wp\/v2\/posts\/3887\/revisions\/3888"}],"wp:featuredmedia":[{"embeddable":true,"href":"https:\/\/agora.xtec.cat\/esccasablanca\/wp-json\/wp\/v2\/media\/3885"}],"wp:attachment":[{"href":"https:\/\/agora.xtec.cat\/esccasablanca\/wp-json\/wp\/v2\/media?parent=3887"}],"wp:term":[{"taxonomy":"category","embeddable":true,"href":"https:\/\/agora.xtec.cat\/esccasablanca\/wp-json\/wp\/v2\/categories?post=3887"},{"taxonomy":"post_tag","embeddable":true,"href":"https:\/\/agora.xtec.cat\/esccasablanca\/wp-json\/wp\/v2\/tags?post=3887"}],"curies":[{"name":"wp","href":"https:\/\/api.w.org\/{rel}","templated":true}]}}