{"id":3635,"date":"2019-05-10T00:29:59","date_gmt":"2019-05-09T22:29:59","guid":{"rendered":"https:\/\/agora.xtec.cat\/esccasablanca\/?p=3635"},"modified":"2019-08-01T20:27:21","modified_gmt":"2019-08-01T18:27:21","slug":"formacio-de-families-tertulies-literaries-grups-interactius-i-cda","status":"publish","type":"post","link":"https:\/\/agora.xtec.cat\/esccasablanca\/informacions\/general\/formacio-de-families-tertulies-literaries-grups-interactius-i-cda\/","title":{"rendered":"Formaci\u00f3 de fam\u00edlies: Tert\u00falies Liter\u00e0ries, Grups Interactius i CdA"},"content":{"rendered":"<p>Despr\u00e9s de l&#8217;\u00e8xit de les reunions per explicar-vos com funciona l&#8217;ABN, us hem convocat per parlar-vos de les <strong>tert\u00falies liter\u00e0ries, els grups interactiu i les Comunitats d&#8217;aprenentatge.\u00a0<\/strong><\/p>\n<p>La setmana vinent ens trobarem a la biblioteca de 15 a 16.30 repartits en les diferents tardes seguint aquest ordre:<\/p>\n<table style=\"height: 99px;\" width=\"524\">\n<tbody>\n<tr>\n<td width=\"149\">Dia<\/td>\n<td width=\"94\">Curs<\/td>\n<\/tr>\n<tr>\n<td width=\"149\">Dilluns \u00a0\u00a0\u00a0\u00a0\u00a0\u00a0\u00a0\u00a0\u00a0\u00a013-5-19<\/td>\n<td width=\"94\">5\u00e8 , 1r\u00a0 i\u00a0 6\u00e8<\/td>\n<\/tr>\n<tr>\n<td width=\"149\">Dimarts\u00a0\u00a0 \u00a0\u00a0\u00a0\u00a0\u00a0\u00a014-5-19<\/td>\n<td width=\"94\">3r<\/td>\n<\/tr>\n<tr>\n<td width=\"149\">Dimecres\u00a0 \u00a0 \u00a0 15-5-19<\/td>\n<td width=\"94\">P3\u00a0 i\u00a0 P4<\/td>\n<\/tr>\n<tr>\n<td width=\"149\">Dijous \u00a0\u00a0\u00a0\u00a0\u00a0\u00a0\u00a0\u00a0\u00a0\u00a0\u00a016-5-19<\/td>\n<td width=\"94\">2n<\/td>\n<\/tr>\n<tr>\n<td width=\"149\">Divendres\u00a0\u00a0 \u00a0\u00a017-5-19<\/td>\n<td width=\"94\">\u00a04t i P5<\/td>\n<\/tr>\n<\/tbody>\n<\/table>\n<p>Primerament visualitzarem un v\u00eddeo sobre\u00a0<b>Comunitats d&#8217;aprenentatge\u00a0<\/b>a la Biblioteca. Seguidament fareu una viv\u00e8ncia sobre\u00a0<b>Tert\u00falies Liter\u00e0ries\u00a0 i\u00a0 Grups\u00a0 Interactius<\/b>, tal com l&#8217;experimenten els\/les vostres fills i filles.<\/p>\n<p>Aquell mateix dia podreu veure la mostra liter\u00e0ria amb els treballs realitzats per als Jocs Florals i\u00a0 l&#8217;exposici\u00f3 de les princeses Banana que les fam\u00edlies vau fer a casa amb els vostres fills\/es a casa.<\/p>\n<p>Us hi esperem!<\/p>\n","protected":false},"excerpt":{"rendered":"<p>Despr\u00e9s de l&#8217;\u00e8xit de les reunions per explicar-vos com funciona l&#8217;ABN, us hem convocat per parlar-vos de les tert\u00falies liter\u00e0ries, els grups interactiu i les Comunitats d&#8217;aprenentatge.\u00a0 La setmana vinent ens trobarem a la biblioteca de 15 a 16.30 repartits en les diferents tardes seguint aquest ordre: Dia Curs Dilluns \u00a0\u00a0\u00a0\u00a0\u00a0\u00a0\u00a0\u00a0\u00a0\u00a013-5-19 5\u00e8 , 1r\u00a0 i\u00a0 [&hellip;]<\/p>\n","protected":false},"author":5,"featured_media":0,"comment_status":"open","ping_status":"closed","sticky":false,"template":"","format":"standard","meta":{"_bbp_topic_count":0,"_bbp_reply_count":0,"_bbp_total_topic_count":0,"_bbp_total_reply_count":0,"_bbp_voice_count":0,"_bbp_anonymous_reply_count":0,"_bbp_topic_count_hidden":0,"_bbp_reply_count_hidden":0,"_bbp_forum_subforum_count":0,"site-sidebar-layout":"default","site-content-layout":"","ast-site-content-layout":"","site-content-style":"default","site-sidebar-style":"default","ast-global-header-display":"","ast-banner-title-visibility":"","ast-main-header-display":"","ast-hfb-above-header-display":"","ast-hfb-below-header-display":"","ast-hfb-mobile-header-display":"","site-post-title":"","ast-breadcrumbs-content":"","ast-featured-img":"","footer-sml-layout":"","theme-transparent-header-meta":"","adv-header-id-meta":"","stick-header-meta":"","header-above-stick-meta":"","header-main-stick-meta":"","header-below-stick-meta":"","astra-migrate-meta-layouts":"default","ast-page-background-enabled":"default","ast-page-background-meta":{"desktop":{"background-color":"var(--ast-global-color-4)","background-image":"","background-repeat":"repeat","background-position":"center center","background-size":"auto","background-attachment":"scroll","background-type":"","background-media":"","overlay-type":"","overlay-color":"","overlay-opacity":"","overlay-gradient":""},"tablet":{"background-color":"","background-image":"","background-repeat":"repeat","background-position":"center center","background-size":"auto","background-attachment":"scroll","background-type":"","background-media":"","overlay-type":"","overlay-color":"","overlay-opacity":"","overlay-gradient":""},"mobile":{"background-color":"","background-image":"","background-repeat":"repeat","background-position":"center center","background-size":"auto","background-attachment":"scroll","background-type":"","background-media":"","overlay-type":"","overlay-color":"","overlay-opacity":"","overlay-gradient":""}},"ast-content-background-meta":{"desktop":{"background-color":"var(--ast-global-color-5)","background-image":"","background-repeat":"repeat","background-position":"center center","background-size":"auto","background-attachment":"scroll","background-type":"","background-media":"","overlay-type":"","overlay-color":"","overlay-opacity":"","overlay-gradient":""},"tablet":{"background-color":"var(--ast-global-color-5)","background-image":"","background-repeat":"repeat","background-position":"center center","background-size":"auto","background-attachment":"scroll","background-type":"","background-media":"","overlay-type":"","overlay-color":"","overlay-opacity":"","overlay-gradient":""},"mobile":{"background-color":"var(--ast-global-color-5)","background-image":"","background-repeat":"repeat","background-position":"center center","background-size":"auto","background-attachment":"scroll","background-type":"","background-media":"","overlay-type":"","overlay-color":"","overlay-opacity":"","overlay-gradient":""}},"footnotes":""},"categories":[153,61,1,4],"tags":[137],"class_list":["post-3635","post","type-post","status-publish","format-standard","hentry","category-formacions-congresos","category-informacions","category-general","category-portada","tag-cda"],"post_mailing_queue_ids":[],"_links":{"self":[{"href":"https:\/\/agora.xtec.cat\/esccasablanca\/wp-json\/wp\/v2\/posts\/3635","targetHints":{"allow":["GET"]}}],"collection":[{"href":"https:\/\/agora.xtec.cat\/esccasablanca\/wp-json\/wp\/v2\/posts"}],"about":[{"href":"https:\/\/agora.xtec.cat\/esccasablanca\/wp-json\/wp\/v2\/types\/post"}],"author":[{"embeddable":true,"href":"https:\/\/agora.xtec.cat\/esccasablanca\/wp-json\/wp\/v2\/users\/5"}],"replies":[{"embeddable":true,"href":"https:\/\/agora.xtec.cat\/esccasablanca\/wp-json\/wp\/v2\/comments?post=3635"}],"version-history":[{"count":1,"href":"https:\/\/agora.xtec.cat\/esccasablanca\/wp-json\/wp\/v2\/posts\/3635\/revisions"}],"predecessor-version":[{"id":3636,"href":"https:\/\/agora.xtec.cat\/esccasablanca\/wp-json\/wp\/v2\/posts\/3635\/revisions\/3636"}],"wp:attachment":[{"href":"https:\/\/agora.xtec.cat\/esccasablanca\/wp-json\/wp\/v2\/media?parent=3635"}],"wp:term":[{"taxonomy":"category","embeddable":true,"href":"https:\/\/agora.xtec.cat\/esccasablanca\/wp-json\/wp\/v2\/categories?post=3635"},{"taxonomy":"post_tag","embeddable":true,"href":"https:\/\/agora.xtec.cat\/esccasablanca\/wp-json\/wp\/v2\/tags?post=3635"}],"curies":[{"name":"wp","href":"https:\/\/api.w.org\/{rel}","templated":true}]}}