{"id":3622,"date":"2019-03-30T00:15:12","date_gmt":"2019-03-29T23:15:12","guid":{"rendered":"https:\/\/agora.xtec.cat\/esccasablanca\/?p=3622"},"modified":"2019-08-01T20:28:57","modified_gmt":"2019-08-01T18:28:57","slug":"jornada-comunitats-aprenentatge-30-marc-2019","status":"publish","type":"post","link":"https:\/\/agora.xtec.cat\/esccasablanca\/informacions\/general\/jornada-comunitats-aprenentatge-30-marc-2019\/","title":{"rendered":"Jornada Comunitats Aprenentatge 30 mar\u00e7 2019"},"content":{"rendered":"<p>El mat\u00ed del 30 de mar\u00e7 de 2019 ha estat molt interessant. Un grup de mestres, fam\u00edlies de la junta del AFA, representants del Consell Escolar i de l&#8217;equip educatiu del menjador ens hem reunit a la Casa de Mar (Barcelona) en una trobada anual de Comunitats d&#8217;aprenentatge de Catalunya.<\/p>\n<p>Hem escoltat una confer\u00e8ncia a c\u00e0rrec de Sandra Racionero &#8220;Neuroci\u00e8ncia i amistat: el poder de les interaccions&#8221;. Tot un descobriment sobre com els sentiments i les emocions afecten al sistema neuronal de les persones i la import\u00e0ncia d&#8217;establir relacions de qualitat per a millorar la conviv\u00e8ncia escolar. I com les pr\u00e0ctiques d&#8217;\u00e8xit de les comunitats d&#8217;aprenentatge (tert\u00falies liter\u00e0ries, grups interactius, extensi\u00f3 del temps d&#8217;aprenentatge&#8230;.) ajuden a afavorir la creaci\u00f3 de relacions lliures i de qualitat.<\/p>\n<p>Despr\u00e9s d&#8217;un breu descans hem gaudit de diferents experi\u00e8ncies en Comunitats d&#8217;aprenentatge de la m\u00e0 de L&#8217;escola bressol Cappont (Lleida), l&#8217;institut-escola Serra de Miramar (Valls) i els alumnes de l&#8217;escola Mare de D\u00e9u de Montserrat (Terrassa). Tots ells ens han explicat com els seus centres educatius han millorat la conviv\u00e8ncia escolar i la resoluci\u00f3 de conflictes a trav\u00e9s del di\u00e0leg i les pr\u00e0ctiques d&#8217;\u00e8xit educatiu.<\/p>\n<p>Finalment una tert\u00falia dial\u00f2gica sobre un fragment del llibre &#8220;En busca de la mem\u00f2ria&#8221; d&#8217;Erik Kandel.<\/p>\n<p>Hem estat acompanyades per Bernat Or\u00f3. Ell \u00e9s director de l&#8217;escola d&#8217;adults de La Verneda i el formador del claustre en la fase de sensibilitzaci\u00f3 en Comunitats d&#8217;aprenentatge.<\/p>\n<p>Volem agra\u00efr la participaci\u00f3 de les fam\u00edlies i de l&#8217;equip de monitores. Ha estat un plaer compartir el mat\u00ed amb vosaltres, tot el que hem apr\u00e8s i el que hem compartit. Segur que trobarem m\u00e9s oportunitats de tornar a gaudir d&#8217;experi\u00e8ncies semblants obertes a m\u00e9s participants.<\/p>\n<p>Moltes gr\u00e0cies.<\/p>\n<p><a href=\"https:\/\/agora.xtec.cat\/esccasablanca\/wp-content\/uploads\/usu1964\/2019\/05\/img_20190330_1145035296315516245696953.jpg\"><img loading=\"lazy\" decoding=\"async\" class=\"alignnone size-large wp-image-3624\" src=\"https:\/\/agora.xtec.cat\/esccasablanca\/wp-content\/uploads\/usu1964\/2019\/05\/img_20190330_1145035296315516245696953.jpg\" alt=\"\" width=\"680\" height=\"510\" srcset=\"https:\/\/agora.xtec.cat\/esccasablanca\/wp-content\/uploads\/usu1964\/2019\/05\/img_20190330_1145035296315516245696953.jpg 680w, https:\/\/agora.xtec.cat\/esccasablanca\/wp-content\/uploads\/usu1964\/2019\/05\/img_20190330_1145035296315516245696953-300x225.jpg 300w, https:\/\/agora.xtec.cat\/esccasablanca\/wp-content\/uploads\/usu1964\/2019\/05\/img_20190330_1145035296315516245696953-200x150.jpg 200w\" sizes=\"auto, (max-width: 680px) 100vw, 680px\" \/><\/a><a href=\"https:\/\/agora.xtec.cat\/esccasablanca\/wp-content\/uploads\/usu1964\/2019\/05\/img_20190330_1319491393379745860781619.jpg\"><img loading=\"lazy\" decoding=\"async\" class=\"alignnone size-full wp-image-3623\" src=\"https:\/\/agora.xtec.cat\/esccasablanca\/wp-content\/uploads\/usu1964\/2019\/05\/img_20190330_1319491393379745860781619.jpg\" alt=\"\" width=\"680\" height=\"510\" srcset=\"https:\/\/agora.xtec.cat\/esccasablanca\/wp-content\/uploads\/usu1964\/2019\/05\/img_20190330_1319491393379745860781619.jpg 680w, https:\/\/agora.xtec.cat\/esccasablanca\/wp-content\/uploads\/usu1964\/2019\/05\/img_20190330_1319491393379745860781619-300x225.jpg 300w, https:\/\/agora.xtec.cat\/esccasablanca\/wp-content\/uploads\/usu1964\/2019\/05\/img_20190330_1319491393379745860781619-200x150.jpg 200w\" sizes=\"auto, (max-width: 680px) 100vw, 680px\" \/><\/a> <a href=\"https:\/\/agora.xtec.cat\/esccasablanca\/wp-content\/uploads\/usu1964\/2019\/05\/img_20190330_0943543918507448701358282.jpg\"><img loading=\"lazy\" decoding=\"async\" class=\"alignnone size-large wp-image-3625\" src=\"https:\/\/agora.xtec.cat\/esccasablanca\/wp-content\/uploads\/usu1964\/2019\/05\/img_20190330_0943543918507448701358282.jpg\" alt=\"\" width=\"680\" height=\"510\" srcset=\"https:\/\/agora.xtec.cat\/esccasablanca\/wp-content\/uploads\/usu1964\/2019\/05\/img_20190330_0943543918507448701358282.jpg 680w, https:\/\/agora.xtec.cat\/esccasablanca\/wp-content\/uploads\/usu1964\/2019\/05\/img_20190330_0943543918507448701358282-300x225.jpg 300w, https:\/\/agora.xtec.cat\/esccasablanca\/wp-content\/uploads\/usu1964\/2019\/05\/img_20190330_0943543918507448701358282-200x150.jpg 200w\" sizes=\"auto, (max-width: 680px) 100vw, 680px\" \/><\/a> <a href=\"https:\/\/agora.xtec.cat\/esccasablanca\/wp-content\/uploads\/usu1964\/2019\/05\/img_20190330_1007011493569796799513661.jpg\"><img loading=\"lazy\" decoding=\"async\" class=\"alignnone size-large wp-image-3626\" src=\"https:\/\/agora.xtec.cat\/esccasablanca\/wp-content\/uploads\/usu1964\/2019\/05\/img_20190330_1007011493569796799513661.jpg\" alt=\"\" width=\"680\" height=\"510\" srcset=\"https:\/\/agora.xtec.cat\/esccasablanca\/wp-content\/uploads\/usu1964\/2019\/05\/img_20190330_1007011493569796799513661.jpg 680w, https:\/\/agora.xtec.cat\/esccasablanca\/wp-content\/uploads\/usu1964\/2019\/05\/img_20190330_1007011493569796799513661-300x225.jpg 300w, https:\/\/agora.xtec.cat\/esccasablanca\/wp-content\/uploads\/usu1964\/2019\/05\/img_20190330_1007011493569796799513661-200x150.jpg 200w\" sizes=\"auto, (max-width: 680px) 100vw, 680px\" \/><\/a><\/p>\n","protected":false},"excerpt":{"rendered":"<p>El mat\u00ed del 30 de mar\u00e7 de 2019 ha estat molt interessant. Un grup de mestres, fam\u00edlies de la junta del AFA, representants del Consell Escolar i de l&#8217;equip educatiu del menjador ens hem reunit a la Casa de Mar (Barcelona) en una trobada anual de Comunitats d&#8217;aprenentatge de Catalunya. Hem escoltat una confer\u00e8ncia a [&hellip;]<\/p>\n","protected":false},"author":5,"featured_media":3624,"comment_status":"open","ping_status":"closed","sticky":false,"template":"","format":"standard","meta":{"_bbp_topic_count":0,"_bbp_reply_count":0,"_bbp_total_topic_count":0,"_bbp_total_reply_count":0,"_bbp_voice_count":0,"_bbp_anonymous_reply_count":0,"_bbp_topic_count_hidden":0,"_bbp_reply_count_hidden":0,"_bbp_forum_subforum_count":0,"site-sidebar-layout":"default","site-content-layout":"","ast-site-content-layout":"","site-content-style":"default","site-sidebar-style":"default","ast-global-header-display":"","ast-banner-title-visibility":"","ast-main-header-display":"","ast-hfb-above-header-display":"","ast-hfb-below-header-display":"","ast-hfb-mobile-header-display":"","site-post-title":"","ast-breadcrumbs-content":"","ast-featured-img":"","footer-sml-layout":"","theme-transparent-header-meta":"","adv-header-id-meta":"","stick-header-meta":"","header-above-stick-meta":"","header-main-stick-meta":"","header-below-stick-meta":"","astra-migrate-meta-layouts":"default","ast-page-background-enabled":"default","ast-page-background-meta":{"desktop":{"background-color":"var(--ast-global-color-4)","background-image":"","background-repeat":"repeat","background-position":"center center","background-size":"auto","background-attachment":"scroll","background-type":"","background-media":"","overlay-type":"","overlay-color":"","overlay-opacity":"","overlay-gradient":""},"tablet":{"background-color":"","background-image":"","background-repeat":"repeat","background-position":"center center","background-size":"auto","background-attachment":"scroll","background-type":"","background-media":"","overlay-type":"","overlay-color":"","overlay-opacity":"","overlay-gradient":""},"mobile":{"background-color":"","background-image":"","background-repeat":"repeat","background-position":"center center","background-size":"auto","background-attachment":"scroll","background-type":"","background-media":"","overlay-type":"","overlay-color":"","overlay-opacity":"","overlay-gradient":""}},"ast-content-background-meta":{"desktop":{"background-color":"var(--ast-global-color-5)","background-image":"","background-repeat":"repeat","background-position":"center center","background-size":"auto","background-attachment":"scroll","background-type":"","background-media":"","overlay-type":"","overlay-color":"","overlay-opacity":"","overlay-gradient":""},"tablet":{"background-color":"var(--ast-global-color-5)","background-image":"","background-repeat":"repeat","background-position":"center center","background-size":"auto","background-attachment":"scroll","background-type":"","background-media":"","overlay-type":"","overlay-color":"","overlay-opacity":"","overlay-gradient":""},"mobile":{"background-color":"var(--ast-global-color-5)","background-image":"","background-repeat":"repeat","background-position":"center center","background-size":"auto","background-attachment":"scroll","background-type":"","background-media":"","overlay-type":"","overlay-color":"","overlay-opacity":"","overlay-gradient":""}},"footnotes":""},"categories":[153,61,1,4],"tags":[137],"class_list":["post-3622","post","type-post","status-publish","format-standard","has-post-thumbnail","hentry","category-formacions-congresos","category-informacions","category-general","category-portada","tag-cda"],"post_mailing_queue_ids":[],"_links":{"self":[{"href":"https:\/\/agora.xtec.cat\/esccasablanca\/wp-json\/wp\/v2\/posts\/3622","targetHints":{"allow":["GET"]}}],"collection":[{"href":"https:\/\/agora.xtec.cat\/esccasablanca\/wp-json\/wp\/v2\/posts"}],"about":[{"href":"https:\/\/agora.xtec.cat\/esccasablanca\/wp-json\/wp\/v2\/types\/post"}],"author":[{"embeddable":true,"href":"https:\/\/agora.xtec.cat\/esccasablanca\/wp-json\/wp\/v2\/users\/5"}],"replies":[{"embeddable":true,"href":"https:\/\/agora.xtec.cat\/esccasablanca\/wp-json\/wp\/v2\/comments?post=3622"}],"version-history":[{"count":1,"href":"https:\/\/agora.xtec.cat\/esccasablanca\/wp-json\/wp\/v2\/posts\/3622\/revisions"}],"predecessor-version":[{"id":3627,"href":"https:\/\/agora.xtec.cat\/esccasablanca\/wp-json\/wp\/v2\/posts\/3622\/revisions\/3627"}],"wp:featuredmedia":[{"embeddable":true,"href":"https:\/\/agora.xtec.cat\/esccasablanca\/wp-json\/wp\/v2\/media\/3624"}],"wp:attachment":[{"href":"https:\/\/agora.xtec.cat\/esccasablanca\/wp-json\/wp\/v2\/media?parent=3622"}],"wp:term":[{"taxonomy":"category","embeddable":true,"href":"https:\/\/agora.xtec.cat\/esccasablanca\/wp-json\/wp\/v2\/categories?post=3622"},{"taxonomy":"post_tag","embeddable":true,"href":"https:\/\/agora.xtec.cat\/esccasablanca\/wp-json\/wp\/v2\/tags?post=3622"}],"curies":[{"name":"wp","href":"https:\/\/api.w.org\/{rel}","templated":true}]}}