{"id":3305,"date":"2018-05-02T12:20:54","date_gmt":"2018-05-02T12:20:54","guid":{"rendered":"http:\/\/escolacasablanca.org\/?p=3305"},"modified":"2020-04-01T13:24:38","modified_gmt":"2020-04-01T11:24:38","slug":"sant-jordi-2018","status":"publish","type":"post","link":"https:\/\/agora.xtec.cat\/esccasablanca\/informacions\/sant-jordi-2018\/","title":{"rendered":"Sant Jordi 2018"},"content":{"rendered":"<p style=\"text-align: justify;\">El passat 23 d&#8217;Abril v\u00e0rem celebrar la diada de Sant Jordi a l&#8217;escola. La comissi\u00f3 de biblioteca va organitzar diverses activitats al centre relacionades amb la tradici\u00f3 que marca aquest dia. A continuaci\u00f3 us en deixem una pinzellada!<\/p>\n<p style=\"text-align: justify;\"><strong>Paradeta de llibres<\/strong><\/p>\n<p style=\"text-align: justify;\">A l&#8217;entrada de l&#8217;escola hi va haver durant tot el dia cinc paradetes amb llibres per a totes les edats, incloent els adults. Els alumnes de sis\u00e8 van organitzar-se per torns i van vigilar aquest espai al llarg de tota la jornada, vetllant pel seu ordre i manteniment. Des de primera hora del mat\u00ed fins a \u00faltima hora de la tarda, tot l&#8217;alumnat de l&#8217;escolava passar a veure els llibres, desde p3 fins a 6\u00e8. A les 12.30 i 16.30, alguns familiars de sis\u00e8 van venir a col\u00b7laborar per tal de fer la venda de llibres a la resta de fam\u00edlies. Van ser molts els nens que van marxar del centre amb un llibre entre les mans, estem molt contents! Els beneficis obtinguts aniran destinats a la compra de llibres per a la biblioteca de l&#8217;escola.<\/p>\n<p style=\"text-align: center;\"><img loading=\"lazy\" decoding=\"async\" class=\" wp-image-3319 aligncenter\" src=\"https:\/\/agora.xtec.cat\/esccasablanca\/wp-content\/uploads\/usu1964\/2018\/05\/img-07941.jpg\" alt=\"IMG-0794\" width=\"478\" height=\"358\" \/><\/p>\n<p style=\"text-align: center;\"><img loading=\"lazy\" decoding=\"async\" class=\" wp-image-3318 aligncenter\" src=\"https:\/\/agora.xtec.cat\/esccasablanca\/wp-content\/uploads\/usu1964\/2018\/05\/img-07931.jpg\" alt=\"IMG-0793\" width=\"473\" height=\"355\" \/><\/p>\n\n<p><img loading=\"lazy\" decoding=\"async\" class=\" wp-image-3317 aligncenter\" src=\"https:\/\/agora.xtec.cat\/esccasablanca\/wp-content\/uploads\/usu1964\/2018\/05\/img-07921.jpg\" alt=\"IMG-0792\" width=\"469\" height=\"352\" \/><br \/>\n<img loading=\"lazy\" decoding=\"async\" class=\" wp-image-3316 aligncenter\" src=\"https:\/\/agora.xtec.cat\/esccasablanca\/wp-content\/uploads\/usu1964\/2018\/05\/img-07911.jpg\" alt=\"IMG-0791\" width=\"466\" height=\"350\" \/><\/p>\n<p style=\"text-align: justify;\"><strong>Exposici\u00f3 de cavallers<\/strong><\/p>\n<p style=\"text-align: justify;\">Aquest any, seguint la tradici\u00f3 dels darrers cursos, l&#8217;alumnat va preparar la manualitat relacionada amb Sant Jordi per a exposar-la a l&#8217;escola. El cavaller sant Jordi ha estat el protagonista d&#8217;aquest curs. Mireu quin goig fan tots exposats!<\/p>\n<p style=\"text-align: center;\"><img loading=\"lazy\" decoding=\"async\" class=\"alignnone wp-image-3326\" src=\"https:\/\/agora.xtec.cat\/esccasablanca\/wp-content\/uploads\/usu1964\/2018\/05\/img-0923.jpg\" alt=\"IMG-0923\" width=\"482\" height=\"361\" \/><img loading=\"lazy\" decoding=\"async\" class=\"alignnone wp-image-3325\" src=\"https:\/\/agora.xtec.cat\/esccasablanca\/wp-content\/uploads\/usu1964\/2018\/05\/img-0922.jpg\" alt=\"IMG-0922\" width=\"480\" height=\"360\" \/><img loading=\"lazy\" decoding=\"async\" class=\"alignnone wp-image-3324\" src=\"https:\/\/agora.xtec.cat\/esccasablanca\/wp-content\/uploads\/usu1964\/2018\/05\/img-0921.jpg\" alt=\"IMG-0921\" width=\"475\" height=\"356\" \/><img loading=\"lazy\" decoding=\"async\" class=\"alignnone wp-image-3323\" src=\"https:\/\/agora.xtec.cat\/esccasablanca\/wp-content\/uploads\/usu1964\/2018\/05\/img-0920.jpg\" alt=\"IMG-0920\" width=\"477\" height=\"358\" \/><\/p>\n<p style=\"text-align: justify;\"><strong>Jornada liter\u00e0ria<\/strong><\/p>\n<p style=\"text-align: justify;\">Cada curs ens agrada preparar una jornada liter\u00e0ria a la biblioteca del centre on pares, mestres i alumnes en siguem els protagonistes. Aquest curs han estat les fam\u00edlies les encarregades de llegir diversos poemes a tot l&#8217;alumnat de l&#8217;escola. Aprofitant l&#8217;eix transversal d&#8217;aquest curs, la m\u00fasica del segle XX, es va fer una selecci\u00f3 de poemes que han estat musicalitzats (com per exemple els ametllers, cantares, rebeli\u00f3n en Hamel\u00edn&#8230;) tant en llengua catalana com castellana.\u00a0 Els familiars van fer-ne la lectura i despr\u00e9s vam poder escoltar la can\u00e7\u00f3 on apareix el poema llegit. Ens agrada trobar moments on poguem coincidir tots junts a l&#8217;escola i aquest n&#8217;\u00e9s un molt especial.<\/p>\n<p><img loading=\"lazy\" decoding=\"async\" class=\" wp-image-3310 aligncenter\" src=\"https:\/\/agora.xtec.cat\/esccasablanca\/wp-content\/uploads\/usu1964\/2018\/05\/img-0778.jpg\" alt=\"IMG-0778\" width=\"442\" height=\"331\" \/><\/p>\n<p style=\"text-align: justify;\"><img loading=\"lazy\" decoding=\"async\" class=\" wp-image-3311 aligncenter\" src=\"https:\/\/agora.xtec.cat\/esccasablanca\/wp-content\/uploads\/usu1964\/2018\/05\/img-0787.jpg\" alt=\"IMG-0787\" width=\"440\" height=\"330\" \/><\/p>\n<p><img loading=\"lazy\" decoding=\"async\" class=\" wp-image-3309 aligncenter\" src=\"https:\/\/agora.xtec.cat\/esccasablanca\/wp-content\/uploads\/usu1964\/2018\/05\/img-0772.jpg\" alt=\"IMG-0772\" width=\"446\" height=\"334\" \/><br \/>\n<img loading=\"lazy\" decoding=\"async\" class=\" wp-image-3306 aligncenter\" src=\"https:\/\/escolamfl.files.wordpress.com\/2018\/05\/img-0761.jpg\" alt=\"IMG-0761\" width=\"447\" height=\"335\" srcset=\"https:\/\/agora.xtec.cat\/esccasablanca\/wp-content\/uploads\/usu1964\/2018\/05\/img-0761.jpg 3264w, https:\/\/agora.xtec.cat\/esccasablanca\/wp-content\/uploads\/usu1964\/2018\/05\/img-0761-300x225.jpg 300w, https:\/\/agora.xtec.cat\/esccasablanca\/wp-content\/uploads\/usu1964\/2018\/05\/img-0761-768x576.jpg 768w, https:\/\/agora.xtec.cat\/esccasablanca\/wp-content\/uploads\/usu1964\/2018\/05\/img-0761-1024x768.jpg 1024w, https:\/\/agora.xtec.cat\/esccasablanca\/wp-content\/uploads\/usu1964\/2018\/05\/img-0761-200x150.jpg 200w\" sizes=\"auto, (max-width: 447px) 100vw, 447px\" \/><br \/>\n<img loading=\"lazy\" decoding=\"async\" class=\" wp-image-3307 aligncenter\" src=\"https:\/\/escolamfl.files.wordpress.com\/2018\/05\/img-0764.jpg\" alt=\"IMG-0764\" width=\"442\" height=\"331\" srcset=\"https:\/\/agora.xtec.cat\/esccasablanca\/wp-content\/uploads\/usu1964\/2018\/05\/img-0764.jpg 3264w, https:\/\/agora.xtec.cat\/esccasablanca\/wp-content\/uploads\/usu1964\/2018\/05\/img-0764-300x225.jpg 300w, https:\/\/agora.xtec.cat\/esccasablanca\/wp-content\/uploads\/usu1964\/2018\/05\/img-0764-768x576.jpg 768w, https:\/\/agora.xtec.cat\/esccasablanca\/wp-content\/uploads\/usu1964\/2018\/05\/img-0764-1024x768.jpg 1024w, https:\/\/agora.xtec.cat\/esccasablanca\/wp-content\/uploads\/usu1964\/2018\/05\/img-0764-200x150.jpg 200w\" sizes=\"auto, (max-width: 442px) 100vw, 442px\" \/><\/p>\n<p style=\"text-align: justify;\">Agra\u00efm enormement la col\u00b7laboraci\u00f3 de les fam\u00edlies, formeu part de la nostra comunitat educativa i teniu molt a fer dins l&#8217;escola. Sense la vostra col\u00b7laboraci\u00f3 no hauria estat possible realitzar aquesta celebraci\u00f3 de sant Jordi.<\/p>\n<p>&nbsp;<\/p>\n","protected":false},"excerpt":{"rendered":"<p>El passat 23 d&#8217;Abril v\u00e0rem celebrar la diada de Sant Jordi a l&#8217;escola. La comissi\u00f3 de biblioteca va organitzar diverses activitats al centre relacionades amb la tradici\u00f3 que marca aquest dia. A continuaci\u00f3 us en deixem una pinzellada! Paradeta de llibres A l&#8217;entrada de l&#8217;escola hi va haver durant tot el dia cinc paradetes amb [&hellip;]<\/p>\n","protected":false},"author":12,"featured_media":0,"comment_status":"open","ping_status":"closed","sticky":false,"template":"","format":"standard","meta":{"_bbp_topic_count":0,"_bbp_reply_count":0,"_bbp_total_topic_count":0,"_bbp_total_reply_count":0,"_bbp_voice_count":0,"_bbp_anonymous_reply_count":0,"_bbp_topic_count_hidden":0,"_bbp_reply_count_hidden":0,"_bbp_forum_subforum_count":0,"site-sidebar-layout":"default","site-content-layout":"","ast-site-content-layout":"","site-content-style":"default","site-sidebar-style":"default","ast-global-header-display":"","ast-banner-title-visibility":"","ast-main-header-display":"","ast-hfb-above-header-display":"","ast-hfb-below-header-display":"","ast-hfb-mobile-header-display":"","site-post-title":"","ast-breadcrumbs-content":"","ast-featured-img":"","footer-sml-layout":"","theme-transparent-header-meta":"","adv-header-id-meta":"","stick-header-meta":"","header-above-stick-meta":"","header-main-stick-meta":"","header-below-stick-meta":"","astra-migrate-meta-layouts":"default","ast-page-background-enabled":"default","ast-page-background-meta":{"desktop":{"background-color":"var(--ast-global-color-4)","background-image":"","background-repeat":"repeat","background-position":"center center","background-size":"auto","background-attachment":"scroll","background-type":"","background-media":"","overlay-type":"","overlay-color":"","overlay-opacity":"","overlay-gradient":""},"tablet":{"background-color":"","background-image":"","background-repeat":"repeat","background-position":"center center","background-size":"auto","background-attachment":"scroll","background-type":"","background-media":"","overlay-type":"","overlay-color":"","overlay-opacity":"","overlay-gradient":""},"mobile":{"background-color":"","background-image":"","background-repeat":"repeat","background-position":"center center","background-size":"auto","background-attachment":"scroll","background-type":"","background-media":"","overlay-type":"","overlay-color":"","overlay-opacity":"","overlay-gradient":""}},"ast-content-background-meta":{"desktop":{"background-color":"var(--ast-global-color-5)","background-image":"","background-repeat":"repeat","background-position":"center center","background-size":"auto","background-attachment":"scroll","background-type":"","background-media":"","overlay-type":"","overlay-color":"","overlay-opacity":"","overlay-gradient":""},"tablet":{"background-color":"var(--ast-global-color-5)","background-image":"","background-repeat":"repeat","background-position":"center center","background-size":"auto","background-attachment":"scroll","background-type":"","background-media":"","overlay-type":"","overlay-color":"","overlay-opacity":"","overlay-gradient":""},"mobile":{"background-color":"var(--ast-global-color-5)","background-image":"","background-repeat":"repeat","background-position":"center center","background-size":"auto","background-attachment":"scroll","background-type":"","background-media":"","overlay-type":"","overlay-color":"","overlay-opacity":"","overlay-gradient":""}},"footnotes":""},"categories":[68,61],"tags":[],"class_list":["post-3305","post","type-post","status-publish","format-standard","hentry","category-biblioteca","category-informacions"],"post_mailing_queue_ids":[],"_links":{"self":[{"href":"https:\/\/agora.xtec.cat\/esccasablanca\/wp-json\/wp\/v2\/posts\/3305","targetHints":{"allow":["GET"]}}],"collection":[{"href":"https:\/\/agora.xtec.cat\/esccasablanca\/wp-json\/wp\/v2\/posts"}],"about":[{"href":"https:\/\/agora.xtec.cat\/esccasablanca\/wp-json\/wp\/v2\/types\/post"}],"author":[{"embeddable":true,"href":"https:\/\/agora.xtec.cat\/esccasablanca\/wp-json\/wp\/v2\/users\/12"}],"replies":[{"embeddable":true,"href":"https:\/\/agora.xtec.cat\/esccasablanca\/wp-json\/wp\/v2\/comments?post=3305"}],"version-history":[{"count":1,"href":"https:\/\/agora.xtec.cat\/esccasablanca\/wp-json\/wp\/v2\/posts\/3305\/revisions"}],"predecessor-version":[{"id":4501,"href":"https:\/\/agora.xtec.cat\/esccasablanca\/wp-json\/wp\/v2\/posts\/3305\/revisions\/4501"}],"wp:attachment":[{"href":"https:\/\/agora.xtec.cat\/esccasablanca\/wp-json\/wp\/v2\/media?parent=3305"}],"wp:term":[{"taxonomy":"category","embeddable":true,"href":"https:\/\/agora.xtec.cat\/esccasablanca\/wp-json\/wp\/v2\/categories?post=3305"},{"taxonomy":"post_tag","embeddable":true,"href":"https:\/\/agora.xtec.cat\/esccasablanca\/wp-json\/wp\/v2\/tags?post=3305"}],"curies":[{"name":"wp","href":"https:\/\/api.w.org\/{rel}","templated":true}]}}