{"id":3293,"date":"2018-04-22T20:28:23","date_gmt":"2018-04-22T20:28:23","guid":{"rendered":"http:\/\/escolacasablanca.org\/?p=3293"},"modified":"2018-04-22T20:28:23","modified_gmt":"2018-04-22T20:28:23","slug":"nova-visita-a-venafro-italia-erasmus","status":"publish","type":"post","link":"https:\/\/agora.xtec.cat\/esccasablanca\/informacions\/nova-visita-a-venafro-italia-erasmus\/","title":{"rendered":"NOVA VISITA A VENAFRO, IT\u00c0LIA:  ERASMUS  +"},"content":{"rendered":"<p style=\"text-align:justify;\">\u00a0 \u00a0 \u00a0 \u00a0Ja us ho coment\u00e0vem en la nostra anterior comunicaci\u00f3&#8230;<em>&#8221; En el proper mes d\u2019abril un mestre de la nostra escola hi viur\u00e0, per una setmana sencera, a Venafro, i far\u00e0 de mestre al Don Giulio Testa, a on desenvolupar\u00e0 el que es coneix com a\u00a0Job Shadowing, observaci\u00f3 directa de la pr\u00e0ctica escolar en un centre diferent del\u00a0 propi&#8230;&#8221;<\/em><\/p>\n<p style=\"text-align:justify;\">\u00a0 \u00a0 \u00a0 \u00a0I \u00e9s justament, en aquesta setmana passada que un mestre del nostre Claustre, en Frank Ros, hi va ser. Magn\u00edfica experi\u00e8ncia, tot plegat: intercanvis pedag\u00f2gics i de materials, contrast entre escolaes a l&#8217;hora d&#8217;abordar l&#8217;ensenyament de la llengua estrangera, formaci\u00f3 compartida entorn de les plataformes digitals, contacte amb les autoritats locals per tal d&#8217;establir un agermanament entre tots dos municipis, visita a museus locals&#8230; I moltes coses m\u00e9s. Novament,\u00a0 l&#8217;acollida del nostre mestre per part de direcci\u00f3, professorat, alumnes i fam\u00edlies no ha estat, si no, que espl\u00e8ndid.<\/p>\n<p style=\"text-align:justify;\">\u00a0 \u00a0 \u00a0 \u00a0Us recordem que el projecte KA1 amb mobilitat de mestres busca,\u00a0 primordialment,\u00a0 de traslladar al Casablanca tota aquella metodologia que l\u2019ajudi a millorar,\u00a0 alhora que l\u2019internacionalitza dins del marc europeu a qu\u00e8 pertanyem. El pr\u00f2xim curs escolar comptarem amb tres noves mobilitats.\u00a0 N&#8217;estareu puntualment informats.<\/p>\n<p style=\"text-align:justify;\"><img loading=\"lazy\" decoding=\"async\" class=\"alignnone size-full wp-image-3294\" src=\"https:\/\/agora.xtec.cat\/esccasablanca\/wp-content\/uploads\/usu1964\/2018\/04\/venafro.jpg\" alt=\"VENAFRO\" width=\"750\" height=\"1115\" srcset=\"https:\/\/agora.xtec.cat\/esccasablanca\/wp-content\/uploads\/usu1964\/2018\/04\/venafro.jpg 750w, https:\/\/agora.xtec.cat\/esccasablanca\/wp-content\/uploads\/usu1964\/2018\/04\/venafro-202x300.jpg 202w, https:\/\/agora.xtec.cat\/esccasablanca\/wp-content\/uploads\/usu1964\/2018\/04\/venafro-689x1024.jpg 689w\" sizes=\"auto, (max-width: 750px) 100vw, 750px\" \/><\/p>\n<p style=\"text-align:center;\">Venafro<\/p>\n<p><img loading=\"lazy\" decoding=\"async\" class=\"alignnone size-full wp-image-3295\" src=\"https:\/\/agora.xtec.cat\/esccasablanca\/wp-content\/uploads\/usu1964\/2018\/04\/session.jpg\" alt=\"SESSION\" width=\"1600\" height=\"1200\" srcset=\"https:\/\/agora.xtec.cat\/esccasablanca\/wp-content\/uploads\/usu1964\/2018\/04\/session.jpg 1600w, https:\/\/agora.xtec.cat\/esccasablanca\/wp-content\/uploads\/usu1964\/2018\/04\/session-300x225.jpg 300w, https:\/\/agora.xtec.cat\/esccasablanca\/wp-content\/uploads\/usu1964\/2018\/04\/session-768x576.jpg 768w, https:\/\/agora.xtec.cat\/esccasablanca\/wp-content\/uploads\/usu1964\/2018\/04\/session-1024x768.jpg 1024w, https:\/\/agora.xtec.cat\/esccasablanca\/wp-content\/uploads\/usu1964\/2018\/04\/session-200x150.jpg 200w\" sizes=\"auto, (max-width: 1600px) 100vw, 1600px\" \/><\/p>\n<p style=\"text-align:center;\">Angl\u00e8s amb els alumnes italians de 3r<\/p>\n<p>&nbsp;<\/p>\n","protected":false},"excerpt":{"rendered":"<p>\u00a0 \u00a0 \u00a0 \u00a0Ja us ho coment\u00e0vem en la nostra anterior comunicaci\u00f3&#8230;&#8221; En el proper mes d\u2019abril un mestre de la nostra escola hi viur\u00e0, per una setmana sencera, a Venafro, i far\u00e0 de mestre al Don Giulio Testa, a on desenvolupar\u00e0 el que es coneix com a\u00a0Job Shadowing, observaci\u00f3 directa de la pr\u00e0ctica escolar [&hellip;]<\/p>\n","protected":false},"author":1,"featured_media":0,"comment_status":"open","ping_status":"open","sticky":false,"template":"","format":"standard","meta":{"_bbp_topic_count":0,"_bbp_reply_count":0,"_bbp_total_topic_count":0,"_bbp_total_reply_count":0,"_bbp_voice_count":0,"_bbp_anonymous_reply_count":0,"_bbp_topic_count_hidden":0,"_bbp_reply_count_hidden":0,"_bbp_forum_subforum_count":0,"site-sidebar-layout":"default","site-content-layout":"","ast-site-content-layout":"","site-content-style":"default","site-sidebar-style":"default","ast-global-header-display":"","ast-banner-title-visibility":"","ast-main-header-display":"","ast-hfb-above-header-display":"","ast-hfb-below-header-display":"","ast-hfb-mobile-header-display":"","site-post-title":"","ast-breadcrumbs-content":"","ast-featured-img":"","footer-sml-layout":"","theme-transparent-header-meta":"","adv-header-id-meta":"","stick-header-meta":"","header-above-stick-meta":"","header-main-stick-meta":"","header-below-stick-meta":"","astra-migrate-meta-layouts":"default","ast-page-background-enabled":"default","ast-page-background-meta":{"desktop":{"background-color":"var(--ast-global-color-4)","background-image":"","background-repeat":"repeat","background-position":"center center","background-size":"auto","background-attachment":"scroll","background-type":"","background-media":"","overlay-type":"","overlay-color":"","overlay-opacity":"","overlay-gradient":""},"tablet":{"background-color":"","background-image":"","background-repeat":"repeat","background-position":"center center","background-size":"auto","background-attachment":"scroll","background-type":"","background-media":"","overlay-type":"","overlay-color":"","overlay-opacity":"","overlay-gradient":""},"mobile":{"background-color":"","background-image":"","background-repeat":"repeat","background-position":"center center","background-size":"auto","background-attachment":"scroll","background-type":"","background-media":"","overlay-type":"","overlay-color":"","overlay-opacity":"","overlay-gradient":""}},"ast-content-background-meta":{"desktop":{"background-color":"var(--ast-global-color-5)","background-image":"","background-repeat":"repeat","background-position":"center center","background-size":"auto","background-attachment":"scroll","background-type":"","background-media":"","overlay-type":"","overlay-color":"","overlay-opacity":"","overlay-gradient":""},"tablet":{"background-color":"var(--ast-global-color-5)","background-image":"","background-repeat":"repeat","background-position":"center center","background-size":"auto","background-attachment":"scroll","background-type":"","background-media":"","overlay-type":"","overlay-color":"","overlay-opacity":"","overlay-gradient":""},"mobile":{"background-color":"var(--ast-global-color-5)","background-image":"","background-repeat":"repeat","background-position":"center center","background-size":"auto","background-attachment":"scroll","background-type":"","background-media":"","overlay-type":"","overlay-color":"","overlay-opacity":"","overlay-gradient":""}},"footnotes":""},"categories":[61],"tags":[],"class_list":["post-3293","post","type-post","status-publish","format-standard","hentry","category-informacions"],"post_mailing_queue_ids":[],"_links":{"self":[{"href":"https:\/\/agora.xtec.cat\/esccasablanca\/wp-json\/wp\/v2\/posts\/3293","targetHints":{"allow":["GET"]}}],"collection":[{"href":"https:\/\/agora.xtec.cat\/esccasablanca\/wp-json\/wp\/v2\/posts"}],"about":[{"href":"https:\/\/agora.xtec.cat\/esccasablanca\/wp-json\/wp\/v2\/types\/post"}],"author":[{"embeddable":true,"href":"https:\/\/agora.xtec.cat\/esccasablanca\/wp-json\/wp\/v2\/users\/1"}],"replies":[{"embeddable":true,"href":"https:\/\/agora.xtec.cat\/esccasablanca\/wp-json\/wp\/v2\/comments?post=3293"}],"version-history":[{"count":0,"href":"https:\/\/agora.xtec.cat\/esccasablanca\/wp-json\/wp\/v2\/posts\/3293\/revisions"}],"wp:attachment":[{"href":"https:\/\/agora.xtec.cat\/esccasablanca\/wp-json\/wp\/v2\/media?parent=3293"}],"wp:term":[{"taxonomy":"category","embeddable":true,"href":"https:\/\/agora.xtec.cat\/esccasablanca\/wp-json\/wp\/v2\/categories?post=3293"},{"taxonomy":"post_tag","embeddable":true,"href":"https:\/\/agora.xtec.cat\/esccasablanca\/wp-json\/wp\/v2\/tags?post=3293"}],"curies":[{"name":"wp","href":"https:\/\/api.w.org\/{rel}","templated":true}]}}